{"id":51904,"date":"2018-03-02T08:54:55","date_gmt":"2018-03-02T11:54:55","guid":{"rendered":"http:\/\/portalcatolico.net\/portal\/?p=51904"},"modified":"2018-03-02T08:55:20","modified_gmt":"2018-03-02T11:55:20","slug":"plenaria-da-cal-sera-dedicada-a-mulher-latino-americana","status":"publish","type":"post","link":"http:\/\/portalcatolico.net\/portal\/plenaria-da-cal-sera-dedicada-a-mulher-latino-americana\/","title":{"rendered":"Plen\u00e1ria da CAL ser\u00e1 dedicada \u00e0 mulher latino-americana"},"content":{"rendered":"<div class=\"article__subTitle\">Em car\u00e1ter excepcional, grupo de mulheres foi convidado a participar da Plen\u00e1ria da Pontif\u00edcia Comiss\u00e3o para a Am\u00e9rica Latina. Audi\u00eancia com o Papa ser\u00e1 em 9 de mar\u00e7o.<\/div>\n<div class=\"article__text\">\n<p>\u201cA mulher, pilar da edifica\u00e7\u00e3o da Igreja e da sociedade na Am\u00e9rica Latina\u201d: este \u00e9 o tema escolhido pelo Papa Francisco para a pr\u00f3xima Assembleia Plen\u00e1ria da Pontif\u00edcia Comiss\u00e3o para a Am\u00e9rica Latina\u201d, que se realizar\u00e1 no Vaticano de 6 a 9 de mar\u00e7o 2018.<\/p>\n<p>J\u00e1 que todos os membros e conselheiros da CAL s\u00e3o cardeais e bispos, desta vez \u2013 em car\u00e1ter excepcional \u2013 foi convidado para a Plen\u00e1ria um grupo restrito de personalidades femininas provenientes da Am\u00e9rica Latina, com diferentes cargos de responsabilidade sociais e eclesiais. \u201cSua presen\u00e7a, compet\u00eancia e experi\u00eancia ser\u00e3o fundamentais para enriquecer as reflex\u00f5es e interc\u00e2mbio de ideias no decorrer da Assembleia\u201d, l\u00ea-se no comunicado de imprensa.<\/p>\n<p>O programa prev\u00ea quatro confer\u00eancias: a Professora Ana Maria Bidegain destacar\u00e1 \u201cos obst\u00e1culos e os pontos de for\u00e7a para a promo\u00e7\u00e3o da mulher na realidade latino-americana; o Prof. Guzm\u00e1n Carriquiry falar\u00e1 das mulheres que marcaram \u201ca guinada de uma transforma\u00e7\u00e3o cultural\u201d; o cardeal Francisco Robles apresentar\u00e1 o tema \u201ca presen\u00e7a de Nossa Senhora e o papel da mulher na evangeliza\u00e7\u00e3o dos povos latino-americanos\u201d, e o cardeal Marc Ouellet, Presidente da CAL falar\u00e1 sobre \u201ca mulher \u00e0 luz do mist\u00e9rio da Trindade e da Igreja\u201d. Haver\u00e1 ainda uma s\u00e9rie de paineis sobre temas relacionados ao universo feminino.<\/p>\n<h2>Papa Francisco<\/h2>\n<p>Ao final da Plen\u00e1ria, est\u00e1 prevista uma audi\u00eancia com o Pont\u00edfice na manh\u00e3 de sexta-feira, 9 de mar\u00e7o.<\/p>\n<p>A \u00faltima vez que Francisco falou da situa\u00e7\u00e3o da mulher latino-americana foi em sua recente viagem ao Peru, em janeiro passado, quando denunciou o \u201cmachismo\u201d na regi\u00e3o, que comporta discrimina\u00e7\u00f5es no trabalho, condi\u00e7\u00f5es de pobreza e indig\u00eancia e a viol\u00eancia que muitas vezes provoca casos de feminic\u00eddio.(Vatican News)<\/p>\n<p>Ou\u00e7a a reportagem:<\/p>\n<audio class=\"wp-audio-shortcode\" id=\"audio-51904-1\" preload=\"none\" style=\"width: 100%;\" controls=\"controls\"><source type=\"audio\/mpeg\" src=\"http:\/\/portalcatolico.net\/portal\/wp-content\/uploads\/2018\/03\/Vatican-News.mp3?_=1\" \/><a href=\"http:\/\/portalcatolico.net\/portal\/wp-content\/uploads\/2018\/03\/Vatican-News.mp3\">http:\/\/portalcatolico.net\/portal\/wp-content\/uploads\/2018\/03\/Vatican-News.mp3<\/a><\/audio>\n<p>&nbsp;<\/p>\n<\/div>\n","protected":false},"excerpt":{"rendered":"<p>Em car\u00e1ter excepcional, grupo de mulheres foi convidado a participar da Plen\u00e1ria da Pontif\u00edcia Comiss\u00e3o para a Am\u00e9rica Latina. Audi\u00eancia com o Papa ser\u00e1 em 9 de mar\u00e7o. \u201cA mulher, pilar da edifica\u00e7\u00e3o da Igreja e da sociedade na Am\u00e9rica Latina\u201d: este \u00e9 o tema escolhido pelo Papa Francisco para a pr\u00f3xima Assembleia Plen\u00e1ria da&nbsp;<\/p>\n<p><a class=\"btn btn-style\" href=\"http:\/\/portalcatolico.net\/portal\/plenaria-da-cal-sera-dedicada-a-mulher-latino-americana\/\">Continue Reading<\/a><\/p>\n","protected":false},"author":2,"featured_media":51906,"comment_status":"open","ping_status":"open","sticky":false,"template":"","format":"standard","meta":{"footnotes":""},"categories":[5],"tags":[],"class_list":["post-51904","post","type-post","status-publish","format-standard","has-post-thumbnail","hentry","category-igreja_no_mundo"],"_links":{"self":[{"href":"http:\/\/portalcatolico.net\/portal\/wp-json\/wp\/v2\/posts\/51904","targetHints":{"allow":["GET"]}}],"collection":[{"href":"http:\/\/portalcatolico.net\/portal\/wp-json\/wp\/v2\/posts"}],"about":[{"href":"http:\/\/portalcatolico.net\/portal\/wp-json\/wp\/v2\/types\/post"}],"author":[{"embeddable":true,"href":"http:\/\/portalcatolico.net\/portal\/wp-json\/wp\/v2\/users\/2"}],"replies":[{"embeddable":true,"href":"http:\/\/portalcatolico.net\/portal\/wp-json\/wp\/v2\/comments?post=51904"}],"version-history":[{"count":1,"href":"http:\/\/portalcatolico.net\/portal\/wp-json\/wp\/v2\/posts\/51904\/revisions"}],"predecessor-version":[{"id":51907,"href":"http:\/\/portalcatolico.net\/portal\/wp-json\/wp\/v2\/posts\/51904\/revisions\/51907"}],"wp:featuredmedia":[{"embeddable":true,"href":"http:\/\/portalcatolico.net\/portal\/wp-json\/wp\/v2\/media\/51906"}],"wp:attachment":[{"href":"http:\/\/portalcatolico.net\/portal\/wp-json\/wp\/v2\/media?parent=51904"}],"wp:term":[{"taxonomy":"category","embeddable":true,"href":"http:\/\/portalcatolico.net\/portal\/wp-json\/wp\/v2\/categories?post=51904"},{"taxonomy":"post_tag","embeddable":true,"href":"http:\/\/portalcatolico.net\/portal\/wp-json\/wp\/v2\/tags?post=51904"}],"curies":[{"name":"wp","href":"https:\/\/api.w.org\/{rel}","templated":true}]}}