{"id":51901,"date":"2018-03-02T08:45:40","date_gmt":"2018-03-02T11:45:40","guid":{"rendered":"http:\/\/portalcatolico.net\/portal\/?p=51901"},"modified":"2018-03-02T08:45:40","modified_gmt":"2018-03-02T11:45:40","slug":"hoje-e-celebrado-sao-simplicio-papa-defensor-da-doutrina-catolica","status":"publish","type":"post","link":"http:\/\/portalcatolico.net\/portal\/hoje-e-celebrado-sao-simplicio-papa-defensor-da-doutrina-catolica\/","title":{"rendered":"Hoje \u00e9 celebrado S\u00e3o Simpl\u00edcio, Papa defensor da doutrina cat\u00f3lica"},"content":{"rendered":"<p>Simpl\u00edcio foi o Papa n\u00famero 47 da\u00a0Igreja\u00a0Cat\u00f3lica \u2013 sucessor de Hil\u00e1rio \u2013, cujo pontificado durou de 468 a 483, durante o qual foi destitu\u00eddo o imperador R\u00f4mulo Augusto e marcou-se o fim do imp\u00e9rio romano do Ocidente.<\/p>\n<p>Em tempos da heresia do monofitismo no s\u00e9culo V \u2013 que acreditava unicamente na natureza divina de Jesus Cristo \u2013, este santo defendeu sempre a autoridade da Santa S\u00e9 e a independ\u00eancia da Igreja Cat\u00f3lica diante do poder pol\u00edtico, sobretudo, porque os governantes bizantinos queriam unificar ambas as esferas.<\/p>\n<div class=\"noticia-contenido\">\n<p>Por exemplo, no ano 476, quando o usurpador Fl\u00e1vio Basilisco se apoderou do trono do imperador romano do Oriente, Zen\u00e3o, e publicou um edito religioso que recha\u00e7ava o Conc\u00edlio de Calced\u00f4nia (451) \u2013 o qual condenava a heresia do monofitismo \u2013, o Papa Simpl\u00edcio fez todos os esfor\u00e7os para manter o dogma cat\u00f3lico e as defini\u00e7\u00f5es deste \u00faltimo conc\u00edlio.<\/p>\n<p>Concretamente, S\u00e3o Simpl\u00edcio exortou a ser fi\u00e9is \u00e0 verdadeira f\u00e9 em suas cartas enviadas a alguns membros do clero, ao Bispo de Constantinopla (Ac\u00e1cio) e ao pr\u00f3prio usurpador Fl\u00e1vio Basilisco.<\/p>\n<p>\u201cEsta mesma norma de doutrina cat\u00f3lica se mant\u00e9m firmemente por seus sucessores (os de Pedro), a quem o Senhor confiou o cuidado de todo o rebanho de ovelhas, a quem prometeu n\u00e3o os deixar at\u00e9 o fim dos tempos\u201d, disse o Papa Simpl\u00edcio em 10 de janeiro de 476.<\/p>\n<p>O santo tamb\u00e9m exerceu um severo cuidado pastoral na Europa Ocidental, publicando decis\u00f5es sobre quest\u00f5es eclesi\u00e1sticas. Entre essas, nomeou o Bispo de Sevilla como Vig\u00e1rio Papal na Espanha, de forma que os privil\u00e9gios da Santa S\u00e9 puderam se exercer no pr\u00f3prio pa\u00eds.<\/p>\n<p>Os contempor\u00e2neos do santo concordam que levou uma\u00a0vida\u00a0austera, de ora\u00e7\u00e3o constante e mortifica\u00e7\u00f5es. Faleceu em 2 de mar\u00e7o de 483.<\/p>\n<\/div>\n<p><b>Informa\u00e7\u00f5es do site ACI Digital<\/b><\/p>\n","protected":false},"excerpt":{"rendered":"<p>Simpl\u00edcio foi o Papa n\u00famero 47 da\u00a0Igreja\u00a0Cat\u00f3lica \u2013 sucessor de Hil\u00e1rio \u2013, cujo pontificado durou de 468 a 483, durante o qual foi destitu\u00eddo o imperador R\u00f4mulo Augusto e marcou-se o fim do imp\u00e9rio romano do Ocidente. Em tempos da heresia do monofitismo no s\u00e9culo V \u2013 que acreditava unicamente na natureza divina de Jesus&nbsp;<\/p>\n<p><a class=\"btn btn-style\" href=\"http:\/\/portalcatolico.net\/portal\/hoje-e-celebrado-sao-simplicio-papa-defensor-da-doutrina-catolica\/\">Continue Reading<\/a><\/p>\n","protected":false},"author":2,"featured_media":51902,"comment_status":"open","ping_status":"open","sticky":false,"template":"","format":"standard","meta":{"footnotes":""},"categories":[4],"tags":[],"class_list":["post-51901","post","type-post","status-publish","format-standard","has-post-thumbnail","hentry","category-destaques"],"_links":{"self":[{"href":"http:\/\/portalcatolico.net\/portal\/wp-json\/wp\/v2\/posts\/51901","targetHints":{"allow":["GET"]}}],"collection":[{"href":"http:\/\/portalcatolico.net\/portal\/wp-json\/wp\/v2\/posts"}],"about":[{"href":"http:\/\/portalcatolico.net\/portal\/wp-json\/wp\/v2\/types\/post"}],"author":[{"embeddable":true,"href":"http:\/\/portalcatolico.net\/portal\/wp-json\/wp\/v2\/users\/2"}],"replies":[{"embeddable":true,"href":"http:\/\/portalcatolico.net\/portal\/wp-json\/wp\/v2\/comments?post=51901"}],"version-history":[{"count":1,"href":"http:\/\/portalcatolico.net\/portal\/wp-json\/wp\/v2\/posts\/51901\/revisions"}],"predecessor-version":[{"id":51903,"href":"http:\/\/portalcatolico.net\/portal\/wp-json\/wp\/v2\/posts\/51901\/revisions\/51903"}],"wp:featuredmedia":[{"embeddable":true,"href":"http:\/\/portalcatolico.net\/portal\/wp-json\/wp\/v2\/media\/51902"}],"wp:attachment":[{"href":"http:\/\/portalcatolico.net\/portal\/wp-json\/wp\/v2\/media?parent=51901"}],"wp:term":[{"taxonomy":"category","embeddable":true,"href":"http:\/\/portalcatolico.net\/portal\/wp-json\/wp\/v2\/categories?post=51901"},{"taxonomy":"post_tag","embeddable":true,"href":"http:\/\/portalcatolico.net\/portal\/wp-json\/wp\/v2\/tags?post=51901"}],"curies":[{"name":"wp","href":"https:\/\/api.w.org\/{rel}","templated":true}]}}