{"id":51897,"date":"2018-03-07T11:59:09","date_gmt":"2018-03-07T14:59:09","guid":{"rendered":"http:\/\/portalcatolico.net\/portal\/?p=51897"},"modified":"2018-03-07T12:01:28","modified_gmt":"2018-03-07T15:01:28","slug":"vem-ai-a-xii-vigilia-diocesana-jovem-em-itabuna","status":"publish","type":"post","link":"http:\/\/portalcatolico.net\/portal\/vem-ai-a-xii-vigilia-diocesana-jovem-em-itabuna\/","title":{"rendered":"Vem a\u00ed a XII Vig\u00edlia Diocesana Jovem em Itabuna"},"content":{"rendered":"<p style=\"font-weight: 400;\"><em>O Bispo Dom Carlos Alberto tem a honra de convida voc\u00ea e toda a popula\u00e7\u00e3o de Itabuna e cidades circunvizinhas para participar da <strong>XII VIG\u00cdLIA DIOCESANA DA JUVENTUDE<\/strong>. A concentra\u00e7\u00e3o acontecer\u00e1 no Santu\u00e1rio Santo Ant\u00f4nio situada na Avenida do Cinquenten\u00e1rio, a partir das 20h, no dia 10 de mar\u00e7o.<\/em><\/p>\n<p style=\"font-weight: 400;\"><em>Os fieis seguir\u00e3o\u00a0\u00a0em uma grande prociss\u00e3o luminosa rumo \u00e0 Par\u00f3quia S\u00e3o Judas Tadeu, na Av. Ilh\u00e9us, onde acontecer\u00e1 o evento\u00a0\u00a0com via-sacra para a Par\u00f3quia S\u00e3o Judas Tadeu, na Avenida Ilh\u00e9us.<\/em><\/p>\n<p style=\"font-weight: 400;\"><em>Os participantes deste evento devem ir vestidos com uma camisa branca e levar vela. E, ao chegar na Igreja, todos devem manter-se \u00a0em Adora\u00e7\u00e3o ao Sant\u00edssimo Sacramento at\u00e9 \u00e0s 6h do dia \u00a011\/03. Participe desta corrente de ora\u00e7\u00e3o pela paz!<\/em><\/p>\n<p style=\"font-weight: 400;\">\u00a0Por Anara Passos<\/p>\n<p>&nbsp;<\/p>\n<p>&nbsp;<\/p>\n","protected":false},"excerpt":{"rendered":"<p>O Bispo Dom Carlos Alberto tem a honra de convida voc\u00ea e toda a popula\u00e7\u00e3o de Itabuna e cidades circunvizinhas para participar da XII VIG\u00cdLIA DIOCESANA DA JUVENTUDE. A concentra\u00e7\u00e3o acontecer\u00e1 no Santu\u00e1rio Santo Ant\u00f4nio situada na Avenida do Cinquenten\u00e1rio, a partir das 20h, no dia 10 de mar\u00e7o. Os fieis seguir\u00e3o\u00a0\u00a0em uma grande prociss\u00e3o&nbsp;<\/p>\n<p><a class=\"btn btn-style\" href=\"http:\/\/portalcatolico.net\/portal\/vem-ai-a-xii-vigilia-diocesana-jovem-em-itabuna\/\">Continue Reading<\/a><\/p>\n","protected":false},"author":2,"featured_media":51898,"comment_status":"open","ping_status":"open","sticky":false,"template":"","format":"standard","meta":{"footnotes":""},"categories":[2],"tags":[],"class_list":["post-51897","post","type-post","status-publish","format-standard","has-post-thumbnail","hentry","category-eventos"],"_links":{"self":[{"href":"http:\/\/portalcatolico.net\/portal\/wp-json\/wp\/v2\/posts\/51897","targetHints":{"allow":["GET"]}}],"collection":[{"href":"http:\/\/portalcatolico.net\/portal\/wp-json\/wp\/v2\/posts"}],"about":[{"href":"http:\/\/portalcatolico.net\/portal\/wp-json\/wp\/v2\/types\/post"}],"author":[{"embeddable":true,"href":"http:\/\/portalcatolico.net\/portal\/wp-json\/wp\/v2\/users\/2"}],"replies":[{"embeddable":true,"href":"http:\/\/portalcatolico.net\/portal\/wp-json\/wp\/v2\/comments?post=51897"}],"version-history":[{"count":2,"href":"http:\/\/portalcatolico.net\/portal\/wp-json\/wp\/v2\/posts\/51897\/revisions"}],"predecessor-version":[{"id":51900,"href":"http:\/\/portalcatolico.net\/portal\/wp-json\/wp\/v2\/posts\/51897\/revisions\/51900"}],"wp:featuredmedia":[{"embeddable":true,"href":"http:\/\/portalcatolico.net\/portal\/wp-json\/wp\/v2\/media\/51898"}],"wp:attachment":[{"href":"http:\/\/portalcatolico.net\/portal\/wp-json\/wp\/v2\/media?parent=51897"}],"wp:term":[{"taxonomy":"category","embeddable":true,"href":"http:\/\/portalcatolico.net\/portal\/wp-json\/wp\/v2\/categories?post=51897"},{"taxonomy":"post_tag","embeddable":true,"href":"http:\/\/portalcatolico.net\/portal\/wp-json\/wp\/v2\/tags?post=51897"}],"curies":[{"name":"wp","href":"https:\/\/api.w.org\/{rel}","templated":true}]}}