{"id":51893,"date":"2018-03-01T21:09:17","date_gmt":"2018-03-02T00:09:17","guid":{"rendered":"http:\/\/portalcatolico.net\/portal\/?p=51893"},"modified":"2018-03-01T21:09:30","modified_gmt":"2018-03-02T00:09:30","slug":"a-presenca-dos-redentoristas-no-rio-de-janeiro","status":"publish","type":"post","link":"http:\/\/portalcatolico.net\/portal\/a-presenca-dos-redentoristas-no-rio-de-janeiro\/","title":{"rendered":"A presen\u00e7a dos Redentoristas no Rio de Janeiro"},"content":{"rendered":"<div class=\"wg-text\">\n<p>Celebramos hoje o\u00a0<b>anivers\u00e1rio do Rio de Janeiro<\/b>\u00a0cantada em verso e prosa como a cidade maravilhosa, apesar dos muitos e graves problemas sociais que hoje enfrenta.<\/p>\n<p>A regi\u00e3o onde est\u00e1 hoje a cidade do Rio de Janeiro foi dividida entre duas capit\u00e2nias: S\u00e3o Vicente, ao sul e s\u00e3o Tom\u00e9, ao norte. Isso ocorreu em 1534.<\/p>\n<p>Em 1555, os franceses ocuparam a \u00e1rea e s\u00f3 em 1567 foram expulsos definitivamente. Est\u00e1cio de S\u00e1, sobrinho do governador Mem de S\u00e1, em 1565, fundou a cidade de S\u00e3o Sebasti\u00e3o do Rio de janeiro, que mais tarde, se tornaria sede do Governo do Sul quando, em 1572, o rei de Portugal dividiu o Brasil em duas administra\u00e7\u00f5es. A pecu\u00e1ria, o cultivo da cana de a\u00e7\u00facar e a agricultura de subsist\u00eancia garantiram o r\u00e1pido progresso, que aumentou com a transforma\u00e7\u00e3o do porto do Rio de Janeiro em escoadouro da riqueza mineral extra\u00edda de Minas Gerais.<\/p>\n<p>Em 1763 o Rio de Janeiro tornou-se a capital do Vice-Reino e em 1808, com a transfer\u00eancia da fam\u00edlia real para o Brasil, foi transformado na capital do reino portugu\u00eas. Em 1834 a cidade do Rio foi transformada um munic\u00edpio neutro e a capital foi elevada \u00e0 condi\u00e7\u00e3o de prov\u00edncia, com sede em Niter\u00f3i. De 1889 a 1960 foi a capital da rep\u00fablica at\u00e9 que a sede do Governo Federal fosse transferida para Bras\u00edlia.<\/p>\n<p>Atualmente, a capital do Rio de Janeiro \u00e9 a\u00a0<b>segunda maior cidade do pa\u00eds<\/b>, destacando-se n\u00e3o s\u00f3 pelas suas belezas naturais e pelo carnaval, mas como um importante centro industrial, financeiro, de artes e cultura.<\/p>\n<p>Tamb\u00e9m na cidade do Rio de Janeiro a\u00a0<b>Congrega\u00e7\u00e3o Redentorista\u00a0<\/b>se faz presente com sua atua\u00e7\u00e3o pastoral na\u00a0<b>Par\u00f3quia de Santo Afonso<\/b>, localizada na Rua Bar\u00e3o de Mesquita, na Tijuca, e ainda com um ingente trabalho no campo da A\u00e7\u00e3o Social.<\/p>\n<p><b>A chegada dos redentoristas holandeses ao Rio de Janeiro aconteceu em 1903.<\/b><\/p>\n<p><img loading=\"lazy\" decoding=\"async\" class=\" wp-image-51894 alignright\" src=\"http:\/\/portalcatolico.net\/portal\/wp-content\/uploads\/2018\/03\/Igreja_Santo_Afonso_do_RJ_-_historica-238x300.jpg\" alt=\"Igreja_Santo_Afonso_do_RJ_-_historica\" width=\"205\" height=\"258\" srcset=\"http:\/\/portalcatolico.net\/portal\/wp-content\/uploads\/2018\/03\/Igreja_Santo_Afonso_do_RJ_-_historica-238x300.jpg 238w, http:\/\/portalcatolico.net\/portal\/wp-content\/uploads\/2018\/03\/Igreja_Santo_Afonso_do_RJ_-_historica.jpg 278w\" sizes=\"auto, (max-width: 205px) 100vw, 205px\" \/><\/p>\n<p>A\u00a0<b>Par\u00f3quia Santo Afonso\u00a0<\/b>foi a terceira funda\u00e7\u00e3o da Prov\u00edncia do Rio de Janeiro. Os respons\u00e1veis por ela foram os Padres Gualter Perriens e Francisco Lohmeyer e o Ir. Lucas Kersten. Em mar\u00e7o de 1903, os holandeses residiam numa casa alugada at\u00e9 a constru\u00e7\u00e3o da igreja, que come\u00e7ou em abril de 1904. Sua inaugura\u00e7\u00e3o aconteceu em junho de 1907.<\/p>\n<p>Em 25 de mar\u00e7o de 1904 seria lan\u00e7ada a primeira pedra da\u00a0<b>primeira Igreja de Santo Afonso no Brasil.<\/b>\u00a0Haveria uma grande festa. Na v\u00e9spera do dia marcado o tempo estava bom, mas a meia-noite come\u00e7ou uma forte tempestade. De manh\u00e3, o terreno estava em lama, os enfeites desfeitos e a lona, que havia sido armada, n\u00e3o resistiu. Arrumaram o melhor poss\u00edvel o que sobrou. O Arcebispo chegou e o terreno estava cheio de gente. As autoridades civis tamb\u00e9m estavam presentes. Mal o arcebispo come\u00e7ou a solenidade voltou a chover. Assinaram as pressas o documento, fechando-o dentro da pedra e todos correram por causa da chuva. O Arcebispo celebrou a missa na capela do Conselheiro Pedreira. No dia seguinte os jornais noticiavam a cerim\u00f4nia.<\/p>\n<p>A obra durou tr\u00eas anos. Em junho de 1907 a igreja foi inaugurada pelo Cardeal Arcoverde, que benzeu os dois sinos e celebrou a missa.<\/p>\n<p>Apesar das dificuldades na constru\u00e7\u00e3o da igreja, os redentoristas n\u00e3o ficaram parados. Iniciaram a miss\u00e3o dois dias depois da chegada no Rio de Janeiro, isto \u00e9, no dia 1\u00ba de abril de 1903. Trabalharam na capela das irm\u00e3s dos Santos Anjos e promoviam tamb\u00e9m miss\u00f5es na periferia da cidade.<\/p>\n<p><b>A primeira pastoral\u00a0<\/b>\u00a0&#8211; Foi na Igreja Santo Afonso que se fundou a primeira\u00a0<b>&#8220;Liga Cat\u00f3lica Jesus, Maria, e Jos\u00e9&#8221;,<\/b>\u00a0em mar\u00e7o de 1908, com 125 homens. Em 1919, a Liga j\u00e1 contava 1.239 homens s\u00f3 na Igreja de Santo Afonso.<\/p>\n<p>Hoje, a par\u00f3quia \u00e9 refer\u00eancia na regi\u00e3o. Tem importante papel na forma\u00e7\u00e3o da personalidade do tijucano, uma vez que atua efetivamente na comunidade. O movimento jovem da Igreja \u00e9 muito conhecido e muito ativo. As festas que nela se realizam s\u00e3o tradi\u00e7\u00e3o no bairro da Tijuca.<\/p>\n<p><i>Fonte hist\u00f3ria da Par\u00f3quia &#8216;Santo Afonso &#8211; RJ &#8211; 3\u00aa Funda\u00e7\u00e3o&#8217;, de autoria Pe. Jo\u00e3o B. Boaventura Leite C.Ss.R.<\/i><\/p>\n<\/div>\n<div class=\"wg-comments\">\n<div class=\"wg-comments__head\">Seja o primeiro a comentar<\/div>\n<p>Os coment\u00e1rios e avalia\u00e7\u00f5es s\u00e3o de responsabilidade exclusiva de seus autores e n\u00e3o representam a opini\u00e3o do site.(A12.com)<\/p>\n<\/div>\n","protected":false},"excerpt":{"rendered":"<p>Celebramos hoje o\u00a0anivers\u00e1rio do Rio de Janeiro\u00a0cantada em verso e prosa como a cidade maravilhosa, apesar dos muitos e graves problemas sociais que hoje enfrenta. A regi\u00e3o onde est\u00e1 hoje a cidade do Rio de Janeiro foi dividida entre duas capit\u00e2nias: S\u00e3o Vicente, ao sul e s\u00e3o Tom\u00e9, ao norte. Isso ocorreu em 1534. Em&nbsp;<\/p>\n<p><a class=\"btn btn-style\" href=\"http:\/\/portalcatolico.net\/portal\/a-presenca-dos-redentoristas-no-rio-de-janeiro\/\">Continue Reading<\/a><\/p>\n","protected":false},"author":2,"featured_media":51895,"comment_status":"open","ping_status":"open","sticky":false,"template":"","format":"standard","meta":{"footnotes":""},"categories":[69],"tags":[],"class_list":["post-51893","post","type-post","status-publish","format-standard","has-post-thumbnail","hentry","category-artigos"],"_links":{"self":[{"href":"http:\/\/portalcatolico.net\/portal\/wp-json\/wp\/v2\/posts\/51893","targetHints":{"allow":["GET"]}}],"collection":[{"href":"http:\/\/portalcatolico.net\/portal\/wp-json\/wp\/v2\/posts"}],"about":[{"href":"http:\/\/portalcatolico.net\/portal\/wp-json\/wp\/v2\/types\/post"}],"author":[{"embeddable":true,"href":"http:\/\/portalcatolico.net\/portal\/wp-json\/wp\/v2\/users\/2"}],"replies":[{"embeddable":true,"href":"http:\/\/portalcatolico.net\/portal\/wp-json\/wp\/v2\/comments?post=51893"}],"version-history":[{"count":1,"href":"http:\/\/portalcatolico.net\/portal\/wp-json\/wp\/v2\/posts\/51893\/revisions"}],"predecessor-version":[{"id":51896,"href":"http:\/\/portalcatolico.net\/portal\/wp-json\/wp\/v2\/posts\/51893\/revisions\/51896"}],"wp:featuredmedia":[{"embeddable":true,"href":"http:\/\/portalcatolico.net\/portal\/wp-json\/wp\/v2\/media\/51895"}],"wp:attachment":[{"href":"http:\/\/portalcatolico.net\/portal\/wp-json\/wp\/v2\/media?parent=51893"}],"wp:term":[{"taxonomy":"category","embeddable":true,"href":"http:\/\/portalcatolico.net\/portal\/wp-json\/wp\/v2\/categories?post=51893"},{"taxonomy":"post_tag","embeddable":true,"href":"http:\/\/portalcatolico.net\/portal\/wp-json\/wp\/v2\/tags?post=51893"}],"curies":[{"name":"wp","href":"https:\/\/api.w.org\/{rel}","templated":true}]}}