{"id":51890,"date":"2018-03-01T18:55:59","date_gmt":"2018-03-01T21:55:59","guid":{"rendered":"http:\/\/portalcatolico.net\/portal\/?p=51890"},"modified":"2018-03-01T18:55:59","modified_gmt":"2018-03-01T21:55:59","slug":"entenda-porque-jejuar-nas-sextas-feiras-da-quaresma","status":"publish","type":"post","link":"http:\/\/portalcatolico.net\/portal\/entenda-porque-jejuar-nas-sextas-feiras-da-quaresma\/","title":{"rendered":"Entenda: Porque jejuar nas sextas-feiras da Quaresma?"},"content":{"rendered":"<p>Durante a Quaresma \u2013 per\u00edodo de prepara\u00e7\u00e3o para a festa da P\u00e1scoa \u2013 a Igreja recomenda que os fieis fa\u00e7am jejum e abstin\u00eancia, principalmente \u00e0s sextas-feiras. A pr\u00e1tica \u00e9 muito comum durante este tempo lit\u00fargico, mas tamb\u00e9m no decorrer do ano. Mas porque jejuar nas sextas-feiras quaresmais?<\/p>\n<p><strong>\u201cPara tornar mais verdadeira, aut\u00eantica e transparente a nossa vida diante de Deus\u201d<\/strong>, explica o bispo de Livramento de Nossa Senhora (BA) e presidente da Comiss\u00e3o Episcopal Pastoral para a Liturgia da Confer\u00eancia Nacional dos Bispos do Brasil (CNBB), dom Armando Bucciol.<\/p>\n<blockquote><p><strong>\u201cA finalidade proposta \u00e9 viver o jejum como ren\u00fancia de algo que nos d\u00e1 prazer imediato e, por\u00e9m, n\u00e3o \u00e9 s\u00f3 o aspecto negativo da ren\u00fancia, mas impositivo. Eu insisto, o jejum \u00e9 para tornar mais autentica, transparente e verdadeira conosco mesmo no relacionamento com os ouros e no final com Deus a nossa exist\u00eancia terrena\u201d, explicou<\/strong><\/p><\/blockquote>\n<p>O bispo ressalta ainda que sexta-feira na tradi\u00e7\u00e3o da Igreja \u00e9 o dia da morte do Senhor. Portanto, desde os primeiros s\u00e9culos se tornou um dia lit\u00fargico. Isto \u00e9, em que se recordava a morte do Senhor de uma maneira especial.<\/p>\n<blockquote><p><strong>\u201cO fato de ter um dia de Jejum \u00e9 para viver juntos como Igreja Universal um gesto que manifeste a nossa busca de uma espiritualidade mais profunda, mais aut\u00eantica ligada ao sofrimento de Cristo\u201d, destaca.<\/strong><\/p><\/blockquote>\n<p>De acordo com o C\u00f3digo de Direito Can\u00f4nico \u2013 leis que orientam a Igreja Cat\u00f3lica \u2013 o jejum \u00e9 a \u201cforma de penit\u00eancia que consiste na priva\u00e7\u00e3o de alimentos\u201d. Para tal pr\u00e1tica, a orienta\u00e7\u00e3o tradicional \u00e9 que se fa\u00e7a apenas uma refei\u00e7\u00e3o completa durante o dia e, caso haja necessidade, pode-se tomar duas outras pequenas refei\u00e7\u00f5es, que n\u00e3o sejam iguais em quantidade \u00e0 habitual.<\/p>\n<p>Segundo dom Armando, a Igreja enriquecida por uma longa hist\u00f3ria documentada pela B\u00edblia, fala muitas vezes da necessidade de jejuar. Na Sagrada Escritura, o profeta Isa\u00edas insiste que n\u00e3o basta um jejum como obra exterior. \u00c9 importante jejuar como purifica\u00e7\u00e3o interior.<\/p>\n<blockquote><p><strong>\u201cN\u00f3s como Igreja temos essa obra durante a Quaresma com o intuito da viv\u00eancia mais profunda com n\u00f3s mesmo e com Deus para que a nossa vida se torne mais pura, aut\u00eantica e fiel\u201d.<\/strong><\/p><\/blockquote>\n<p>Conforme as orienta\u00e7\u00f5es da Igreja, o jejum e a abstin\u00eancia s\u00e3o obrigat\u00f3rios na Quarta-feira de Cinzas e na Sexta-feira Santa e est\u00e3o obrigados ao jejum os que tiverem completado 18 anos at\u00e9 os 59 completos. Os outros podem fazer, mas sem obriga\u00e7\u00e3o. Gr\u00e1vidas e doentes est\u00e3o dispensados do jejum, bem como aqueles que desenvolvem \u00e1rduo trabalho bra\u00e7al ou intelectual no dia do jejum.<\/p>\n<p>Sobre a abstin\u00eancia, o Direito Can\u00f4nico diz que \u201cconsiste na escolha de uma alimenta\u00e7\u00e3o simples e pobre\u201d. Segundo o documento, a tradi\u00e7\u00e3o da Igreja indica a absten\u00e7\u00e3o de carne, pelo menos nas sextas-feiras da Quaresma. \u201cMas poder\u00e1 ser substitu\u00edda pela priva\u00e7\u00e3o de outros alimentos e bebidas, sobretudo os mais requintados e dispendiosos [caros] ou da especial prefer\u00eancia de cada um\u201d, orienta o documento.<\/p>\n<p>Para dom Armando, o jejum quaresmal \u00e9 um momento para entrar em si mesmos e ver na transpar\u00eancia do mist\u00e9rio de Deus a proposta crist\u00e3 o que torna a vida mais bela, transparente.<\/p>\n<blockquote><p><strong>\u201cQuem ganha com o jejum n\u00e3o \u00e9 Deus, somos n\u00f3s. S\u00e3o as nossas vidas que se tornam mais verdadeiras em si mesmas. \u00c9 claro a motiva\u00e7\u00e3o n\u00e3o \u00e9 de ordem s\u00f3 est\u00e9tica ou f\u00edsica, mas espiritual. Mas, Deus \u00e9 aquele que, mais do que todos, procura o nosso bem e a Igreja, fiel a uma longa tradi\u00e7\u00e3o de espiritualidade, convida seus filhos a fazer ren\u00fancias que n\u00e3o s\u00e3o tanto para honrar a Deus, \u00e9 para tornar o nosso relacionamento com Ele mais puro, rico, belo, mais fiel ao projeto que Ele nos deixou\u201d, finaliza o bispo.<\/strong><\/p>\n<p>Informa\u00e7\u00f5es do site oficial da CNBB<\/p><\/blockquote>\n","protected":false},"excerpt":{"rendered":"<p>Durante a Quaresma \u2013 per\u00edodo de prepara\u00e7\u00e3o para a festa da P\u00e1scoa \u2013 a Igreja recomenda que os fieis fa\u00e7am jejum e abstin\u00eancia, principalmente \u00e0s sextas-feiras. A pr\u00e1tica \u00e9 muito comum durante este tempo lit\u00fargico, mas tamb\u00e9m no decorrer do ano. Mas porque jejuar nas sextas-feiras quaresmais? \u201cPara tornar mais verdadeira, aut\u00eantica e transparente a&nbsp;<\/p>\n<p><a class=\"btn btn-style\" href=\"http:\/\/portalcatolico.net\/portal\/entenda-porque-jejuar-nas-sextas-feiras-da-quaresma\/\">Continue Reading<\/a><\/p>\n","protected":false},"author":2,"featured_media":51891,"comment_status":"open","ping_status":"open","sticky":false,"template":"","format":"standard","meta":{"footnotes":""},"categories":[69],"tags":[],"class_list":["post-51890","post","type-post","status-publish","format-standard","has-post-thumbnail","hentry","category-artigos"],"_links":{"self":[{"href":"http:\/\/portalcatolico.net\/portal\/wp-json\/wp\/v2\/posts\/51890","targetHints":{"allow":["GET"]}}],"collection":[{"href":"http:\/\/portalcatolico.net\/portal\/wp-json\/wp\/v2\/posts"}],"about":[{"href":"http:\/\/portalcatolico.net\/portal\/wp-json\/wp\/v2\/types\/post"}],"author":[{"embeddable":true,"href":"http:\/\/portalcatolico.net\/portal\/wp-json\/wp\/v2\/users\/2"}],"replies":[{"embeddable":true,"href":"http:\/\/portalcatolico.net\/portal\/wp-json\/wp\/v2\/comments?post=51890"}],"version-history":[{"count":1,"href":"http:\/\/portalcatolico.net\/portal\/wp-json\/wp\/v2\/posts\/51890\/revisions"}],"predecessor-version":[{"id":51892,"href":"http:\/\/portalcatolico.net\/portal\/wp-json\/wp\/v2\/posts\/51890\/revisions\/51892"}],"wp:featuredmedia":[{"embeddable":true,"href":"http:\/\/portalcatolico.net\/portal\/wp-json\/wp\/v2\/media\/51891"}],"wp:attachment":[{"href":"http:\/\/portalcatolico.net\/portal\/wp-json\/wp\/v2\/media?parent=51890"}],"wp:term":[{"taxonomy":"category","embeddable":true,"href":"http:\/\/portalcatolico.net\/portal\/wp-json\/wp\/v2\/categories?post=51890"},{"taxonomy":"post_tag","embeddable":true,"href":"http:\/\/portalcatolico.net\/portal\/wp-json\/wp\/v2\/tags?post=51890"}],"curies":[{"name":"wp","href":"https:\/\/api.w.org\/{rel}","templated":true}]}}