{"id":51884,"date":"2018-02-28T23:47:06","date_gmt":"2018-03-01T02:47:06","guid":{"rendered":"http:\/\/portalcatolico.net\/portal\/?p=51884"},"modified":"2018-02-28T23:49:41","modified_gmt":"2018-03-01T02:49:41","slug":"posse-canonica-do-padre-ezequias-em-itabuna","status":"publish","type":"post","link":"http:\/\/portalcatolico.net\/portal\/posse-canonica-do-padre-ezequias-em-itabuna\/","title":{"rendered":"Posse can\u00f4nica do Padre Ezequias  em Itabuna"},"content":{"rendered":"<p style=\"font-weight: 400;\">Nesta quarta-feira, 28 de fevereiro, aconteceu por volta das 19h, na\u00a0\u00a0Par\u00f3quia Nossa Senhora Aparecida, do bairro Calif\u00f3rnia, na Diocese de Itabuna a posse can\u00f4nica \u00a0do Padre Ezequias\u00a0\u00a0Gon\u00e7alves dos Santos.<\/p>\n<p style=\"font-weight: 400;\">Ele, que est\u00e1 na igreja matriz desde 05 mar\u00e7o de 2017 como\u00a0vig\u00e1rio\u00a0 paroquial agora vai exercer a fun\u00e7\u00e3o de administrador.<\/p>\n<p style=\"font-weight: 400;\">Das dezoito transfer\u00eancias feitas pala diocese desde o in\u00edcio deste ano, esta \u00e9 a d\u00e9cima sexta, faltando ainda as par\u00f3quias de Santo Ant\u00f4nio da cidade de Itoror\u00f3 e a par\u00f3quia S\u00e3o Boaventura de Canavieiras, sendo os padres Euvaldo Santana e o Pe. Vinicios Mascarenhas.<\/p>\n<p style=\"font-weight: 400;\">Inicialmente, na missa de posse, o\u00a0\u00a0chanceler da c\u00faria provis\u00f3rio o Padre\u00a0Wesley do Carmo\u00a0 leu a provis\u00e3o com a nomea\u00e7\u00e3o do novo\u00a0administrador\u00a0 e em seguida, Padre Ezequias\u00a0\u00a0proferiu a Profiss\u00e3o de F\u00e9.<\/p>\n<p style=\"font-weight: 400;\">A celebra\u00e7\u00e3o foi presidida pelo Bispo Diocesano Dom Carlos Alberto dos Santos\u00a0\u00a0e concelebrada pelo Monsenhor Nicolau Klak\u00a0\u00a0e diversos sacerdotes, di\u00e1conos, vocacionados\u00a0\u00a0e seminaristas. Em seguida, seguiu-se a celebra\u00e7\u00e3o e o rito de posse onde o novo administrador\u00a0 da Igreja Matriz de Nossa Senhora Aparecida recebeu\u00a0\u00a0as chaves da Igreja, chave do Sacr\u00e1rio (um momento de adora\u00e7\u00e3o ao Sant\u00edssimo), Batist\u00e9rio, Estola roxa para o uso cotidiano e fez o juramento de fidelidade, segundo a f\u00f3rmula aprovada pela Santa S\u00e9. Em seguida, foi feita a assinatura do documento de posse.<\/p>\n<p style=\"font-weight: 400;\">\u00a0\u00a0Participaram da cerim\u00f4nia de posse, os seus amigos, familiares e os paroquianos de v\u00e1rios\u00a0\u00a0bairros Itabuna e\u00a0\u00a0das cidades de Una,S\u00e3o Jos\u00e9 da Vit\u00f3ria e de Itaju do Col\u00f4nia, onde seus familiares residem. Ao final da celebra\u00e7\u00e3o, leigos deram as boas-vindas ao novo p\u00e1roco e celebraram o ato com uma confraterniza\u00e7\u00e3o.<\/p>\n<p>Reportagem e fotos: Valdeni Elias<\/p>\n<p>Edi\u00e7\u00e3o de texto: Anara Passos<\/p>\n<p><b>Mais fotos do evento.<a href=\"http:\/\/portalcatolico.net\/portal\/index.php\/posse-canonica-do-pe-ezequias-goncalves\/\"><span style=\"color: #ff0000;\">Clique aqui<\/span><\/a><\/b><\/p>\n","protected":false},"excerpt":{"rendered":"<p>Nesta quarta-feira, 28 de fevereiro, aconteceu por volta das 19h, na\u00a0\u00a0Par\u00f3quia Nossa Senhora Aparecida, do bairro Calif\u00f3rnia, na Diocese de Itabuna a posse can\u00f4nica \u00a0do Padre Ezequias\u00a0\u00a0Gon\u00e7alves dos Santos. Ele, que est\u00e1 na igreja matriz desde 05 mar\u00e7o de 2017 como\u00a0vig\u00e1rio\u00a0 paroquial agora vai exercer a fun\u00e7\u00e3o de administrador. Das dezoito transfer\u00eancias feitas pala diocese&nbsp;<\/p>\n<p><a class=\"btn btn-style\" href=\"http:\/\/portalcatolico.net\/portal\/posse-canonica-do-padre-ezequias-em-itabuna\/\">Continue Reading<\/a><\/p>\n","protected":false},"author":2,"featured_media":51887,"comment_status":"open","ping_status":"open","sticky":false,"template":"","format":"standard","meta":{"footnotes":""},"categories":[4],"tags":[],"class_list":["post-51884","post","type-post","status-publish","format-standard","has-post-thumbnail","hentry","category-destaques"],"_links":{"self":[{"href":"http:\/\/portalcatolico.net\/portal\/wp-json\/wp\/v2\/posts\/51884","targetHints":{"allow":["GET"]}}],"collection":[{"href":"http:\/\/portalcatolico.net\/portal\/wp-json\/wp\/v2\/posts"}],"about":[{"href":"http:\/\/portalcatolico.net\/portal\/wp-json\/wp\/v2\/types\/post"}],"author":[{"embeddable":true,"href":"http:\/\/portalcatolico.net\/portal\/wp-json\/wp\/v2\/users\/2"}],"replies":[{"embeddable":true,"href":"http:\/\/portalcatolico.net\/portal\/wp-json\/wp\/v2\/comments?post=51884"}],"version-history":[{"count":1,"href":"http:\/\/portalcatolico.net\/portal\/wp-json\/wp\/v2\/posts\/51884\/revisions"}],"predecessor-version":[{"id":51886,"href":"http:\/\/portalcatolico.net\/portal\/wp-json\/wp\/v2\/posts\/51884\/revisions\/51886"}],"wp:featuredmedia":[{"embeddable":true,"href":"http:\/\/portalcatolico.net\/portal\/wp-json\/wp\/v2\/media\/51887"}],"wp:attachment":[{"href":"http:\/\/portalcatolico.net\/portal\/wp-json\/wp\/v2\/media?parent=51884"}],"wp:term":[{"taxonomy":"category","embeddable":true,"href":"http:\/\/portalcatolico.net\/portal\/wp-json\/wp\/v2\/categories?post=51884"},{"taxonomy":"post_tag","embeddable":true,"href":"http:\/\/portalcatolico.net\/portal\/wp-json\/wp\/v2\/tags?post=51884"}],"curies":[{"name":"wp","href":"https:\/\/api.w.org\/{rel}","templated":true}]}}