{"id":51691,"date":"2018-02-28T13:10:19","date_gmt":"2018-02-28T16:10:19","guid":{"rendered":"http:\/\/portalcatolico.net\/portal\/?p=51691"},"modified":"2018-03-01T18:36:34","modified_gmt":"2018-03-01T21:36:34","slug":"com-missa-solene-a-diocese-de-itabuna-reabre-seminario-propedeutico","status":"publish","type":"post","link":"http:\/\/portalcatolico.net\/portal\/com-missa-solene-a-diocese-de-itabuna-reabre-seminario-propedeutico\/","title":{"rendered":"Com missa solene, a Diocese de Itabuna reabre Semin\u00e1rio  Proped\u00eautico"},"content":{"rendered":"<p style=\"font-weight: 400;\"><em>O dia 27 de fevereiro de 2018 vai ficar na hist\u00f3ria da Diocese de Itabuna, pois foi a data que aconteceu a\u00a0reabertura do Semin\u00e1rio Proped\u00eautico S\u00e3o Jos\u00e9, que foi fechado em 2011.<\/em><\/p>\n<p style=\"font-weight: 400;\"><em>A santa missa solene \u00a0teve in\u00edcio \u00e0s 19h e foi presidida pelo bispo diocesano Dom Carlos Alberto dos Santos \u00a0e concelebrada por mais de 15 padres e tr\u00eas di\u00e1conos. Na oportunidade, Dom Carlos apresentou os novos futuros padres. S\u00e3o eles:<img loading=\"lazy\" decoding=\"async\" class=\" wp-image-51696 alignleft\" src=\"http:\/\/portalcatolico.net\/portal\/wp-content\/uploads\/2018\/02\/IMG_1329-1-300x200.jpg\" alt=\"IMG_1329\" width=\"230\" height=\"153\" srcset=\"http:\/\/portalcatolico.net\/portal\/wp-content\/uploads\/2018\/02\/IMG_1329-1-300x200.jpg 300w, http:\/\/portalcatolico.net\/portal\/wp-content\/uploads\/2018\/02\/IMG_1329-1.jpg 640w\" sizes=\"auto, (max-width: 230px) 100vw, 230px\" \/><\/em><\/p>\n<p style=\"font-weight: 400;\"><em>Diego Oliveira, da\u00a0\u00a0Par\u00f3quia Nossa Senhora da Concei\u00e7\u00e3o de Ferradas em Itabuna;\u00a0\u00a0Igor Lustosa Nascimento, da Par\u00f3quia Nossa Senhora Aparecida de Itabuna; Mateus \u00a0Pereira Nascimento, da Par\u00f3quia Cateral de S\u00e3o Jos\u00e9 de Itabuna,\u00a0<\/em><em>Joedson\u00a0 Farias da Rocha<\/em><em>\u00a0, da Par\u00f3quia Nossa Senhora das Vit\u00f3rias em Santa Cruz da Vit\u00f3ria.<\/em><\/p>\n<p style=\"font-weight: 400;\"><em>Fazem parte da equipe de colaboradores: Reitor do Semin\u00e1rio Proped\u00eautico S\u00e3o Jos\u00e9, o Pe. Adriano Oliveira Fernandes; Vice-reitor, o Pe. Wesley Concei\u00e7\u00e3o do Carmo; Diretores espirituais e confessores: Pe.Nicolau Klak , Pe. Jose Andrade Paz e Jos\u00e9 Nunes Cardoso.\u00a0 \u00a0<\/em><\/p>\n<p style=\"font-weight: 400;\"><em>O pr\u00e9dio possui acomoda\u00e7\u00f5es para mais de 100 jovens seminaristas, com \u00e1rea de lazer e alguns espa\u00e7os para momentos de reflex\u00f5es.<\/em><\/p>\n<p style=\"font-weight: 400;\"><em>Para cursarem o Proped\u00eautico, deve-se ter idade m\u00ednima de 18 anos e apresentar uma carta de apresenta\u00e7\u00e3o do p\u00e1roco de sua Par\u00f3quia. <img loading=\"lazy\" decoding=\"async\" class=\" wp-image-51697 alignright\" src=\"http:\/\/portalcatolico.net\/portal\/wp-content\/uploads\/2018\/02\/IMG_1335-300x200.jpg\" alt=\"IMG_1335\" width=\"206\" height=\"137\" srcset=\"http:\/\/portalcatolico.net\/portal\/wp-content\/uploads\/2018\/02\/IMG_1335-300x200.jpg 300w, http:\/\/portalcatolico.net\/portal\/wp-content\/uploads\/2018\/02\/IMG_1335.jpg 640w\" sizes=\"auto, (max-width: 206px) 100vw, 206px\" \/>Al\u00e9m de comprova\u00e7\u00e3o de conclus\u00e3o do ensino m\u00e9dio ou superior cursando. Se voc\u00ea tem voca\u00e7\u00e3o religiosa basta procurar a c\u00faria em hor\u00e1rio comercial ou procurar o padre de sua par\u00f3quia de origem.<\/em><\/p>\n<p><em>Na igreja existem tr\u00eas tipos de Semin\u00e1rio: Maior, Proped\u00eautico e Menor.<\/em><\/p>\n<p><em>Se\u00a0 trata do primeiro per\u00edodo\u00a0do tempo de forma\u00e7\u00e3o para o Sacerd\u00f3cio. \u00c9 um tempo introdut\u00f3rio, n\u00e3o deixando de ser um momento\u00a0de discernimento tamb\u00e9m, para a entrada definitiva no Semin\u00e1rio Maior, para as etapas de forma\u00e7\u00e3o filos\u00f3fica e teol\u00f3gica.<\/em><\/p>\n<p><em>De forma resumida, \u00e9 um per\u00edodo\u00a0em que se come\u00e7a a entrar no\u00a0ritmo da vida acad\u00eamica, da vida de ora\u00e7\u00e3o, da vida comunit\u00e1ria e fraterna e do amadurecimento humano-afetivo que se ter\u00e1 de forma mais intensa no Semin\u00e1rio Maior e, por fim, na vida ministerial.<\/em><\/p>\n<p style=\"font-weight: 400;\"><em>Ao final da celebra\u00e7\u00e3o, o bispo deu a b\u00ean\u00e7\u00e3o ao ambiente. E ressaltou: \u201cQuem quiser ser o maior, seja aquele que serve. Aqui n\u00e3o \u00e9 lugar para aqueles de falar, aqui \u00e9 lugar para praticar!\u201d.<\/em><\/p>\n<p style=\"font-weight: 400;\"><em>E em seguida, foi servido um jantar para os familiares dos seminaristas, paroquianos e convidados.<\/em><\/p>\n<p style=\"font-weight: 400;\"><em>O Semin\u00e1rio Proped\u00eautico \u00a0S\u00e3o Jos\u00e9 fica situado no Bairro Vila Zara.<\/em><\/p>\n<p style=\"font-weight: 400;\"><em>\u00a0<\/em><em>Reportagem e fotos: Valdeni Elias<\/em><\/p>\n<p style=\"font-weight: 400;\"><em>Edi\u00e7\u00e3o de texto: Anara Passos<\/em><\/p>\n<p><strong>Confira mais fotos, s\u00f3 clicar<\/strong>: <a href=\"http:\/\/portalcatolico.net\/portal\/index.php\/reabertura-do-seminario-propedeutico-sao-jose-em-itabuna\/\"><span style=\"color: #0000ff;\"><strong>AQUI<\/strong><\/span><\/a><\/p>\n","protected":false},"excerpt":{"rendered":"<p>O dia 27 de fevereiro de 2018 vai ficar na hist\u00f3ria da Diocese de Itabuna, pois foi a data que aconteceu a\u00a0reabertura do Semin\u00e1rio Proped\u00eautico S\u00e3o Jos\u00e9, que foi fechado em 2011. A santa missa solene \u00a0teve in\u00edcio \u00e0s 19h e foi presidida pelo bispo diocesano Dom Carlos Alberto dos Santos \u00a0e concelebrada por mais&nbsp;<\/p>\n<p><a class=\"btn btn-style\" href=\"http:\/\/portalcatolico.net\/portal\/com-missa-solene-a-diocese-de-itabuna-reabre-seminario-propedeutico\/\">Continue Reading<\/a><\/p>\n","protected":false},"author":2,"featured_media":51693,"comment_status":"open","ping_status":"open","sticky":false,"template":"","format":"standard","meta":{"footnotes":""},"categories":[68],"tags":[],"class_list":["post-51691","post","type-post","status-publish","format-standard","has-post-thumbnail","hentry","category-homilias"],"_links":{"self":[{"href":"http:\/\/portalcatolico.net\/portal\/wp-json\/wp\/v2\/posts\/51691","targetHints":{"allow":["GET"]}}],"collection":[{"href":"http:\/\/portalcatolico.net\/portal\/wp-json\/wp\/v2\/posts"}],"about":[{"href":"http:\/\/portalcatolico.net\/portal\/wp-json\/wp\/v2\/types\/post"}],"author":[{"embeddable":true,"href":"http:\/\/portalcatolico.net\/portal\/wp-json\/wp\/v2\/users\/2"}],"replies":[{"embeddable":true,"href":"http:\/\/portalcatolico.net\/portal\/wp-json\/wp\/v2\/comments?post=51691"}],"version-history":[{"count":6,"href":"http:\/\/portalcatolico.net\/portal\/wp-json\/wp\/v2\/posts\/51691\/revisions"}],"predecessor-version":[{"id":51889,"href":"http:\/\/portalcatolico.net\/portal\/wp-json\/wp\/v2\/posts\/51691\/revisions\/51889"}],"wp:featuredmedia":[{"embeddable":true,"href":"http:\/\/portalcatolico.net\/portal\/wp-json\/wp\/v2\/media\/51693"}],"wp:attachment":[{"href":"http:\/\/portalcatolico.net\/portal\/wp-json\/wp\/v2\/media?parent=51691"}],"wp:term":[{"taxonomy":"category","embeddable":true,"href":"http:\/\/portalcatolico.net\/portal\/wp-json\/wp\/v2\/categories?post=51691"},{"taxonomy":"post_tag","embeddable":true,"href":"http:\/\/portalcatolico.net\/portal\/wp-json\/wp\/v2\/tags?post=51691"}],"curies":[{"name":"wp","href":"https:\/\/api.w.org\/{rel}","templated":true}]}}