{"id":51688,"date":"2018-02-28T06:01:39","date_gmt":"2018-02-28T09:01:39","guid":{"rendered":"http:\/\/portalcatolico.net\/portal\/?p=51688"},"modified":"2018-02-28T06:01:39","modified_gmt":"2018-02-28T09:01:39","slug":"arcebispo-do-rio-celebra-missa-pelos-453-anos-da-cidade-maravilhosa","status":"publish","type":"post","link":"http:\/\/portalcatolico.net\/portal\/arcebispo-do-rio-celebra-missa-pelos-453-anos-da-cidade-maravilhosa\/","title":{"rendered":"Arcebispo do Rio celebra Missa pelos 453 anos da Cidade Maravilhosa"},"content":{"rendered":"<p class=\"normal\">Na pr\u00f3xima quinta-feira, dia 1\u00ba de mar\u00e7o, os cariocas comemoram mais um anivers\u00e1rio da Cidade do Rio de Janeiro \u2013 a Cidade Maravilhosa, o 453\u00ba. Para celebrar a festa, o arcebispo metropolitano, Cardeal Orani Tempesta, celebrar\u00e1 uma Santa Missa em A\u00e7\u00e3o de Gra\u00e7as pela data hist\u00f3rica, \u00e0s 18h, no Santu\u00e1rio Bas\u00edlica S\u00e3o Sebasti\u00e3o, no bairro Tijuca, na zona norte, tamb\u00e9m conhecida como a Igreja dos Frades Capuchinhos.<\/p>\n<p class=\"normal\">A Bas\u00edlica, que atrai muitos peregrinos e turistas ao longo do ano, abriga em seu acervo o marco de cria\u00e7\u00e3o da cidade do Rio, os restos mortais de seu fundador, Est\u00e1cio de S\u00e1, al\u00e9m da imagem hist\u00f3rica e original de S\u00e3o Sebasti\u00e3o trazida pelos portugueses no s\u00e9culo XVI.<\/p>\n<p class=\"normal\">\u201cMais uma grande oportunidade que temos de celebrar o anivers\u00e1rio de uma cidade t\u00e3o querida, viva e que tamb\u00e9m leva, em sua funda\u00e7\u00e3o oficial, o nome do m\u00e1rtir S\u00e3o Sebasti\u00e3o, seu padroeiro. Unidos a Cristo, de modo especial, pelo ano de 2018, ano de elei\u00e7\u00e3o e tantas mudan\u00e7as que nossa cidade e estado vivem. Que Deus nos aben\u00e7oe\u201d, comenta o Arcebispo do Rio.<\/p>\n<p class=\"normal\">Ap\u00f3s a celebra\u00e7\u00e3o, ser\u00e1 apresentado e lan\u00e7ado o livro \u2018S\u00e3o Sebasti\u00e3o\u2019, de autoria do Padre Jeferson Mengali, que conta e narra relatos da vida de S\u00e3o Sebasti\u00e3o, com pref\u00e1cio do Cardeal Orani Jo\u00e3o Tempesta.<\/p>\n<p class=\"normal\">O\u00a0Santu\u00e1rio Bas\u00edlica S\u00e3o Sebasti\u00e3o dos Frades Capuchinhos fica na Rua Haddock Lobo, 266, na Tijuca.<\/p>\n<p>Por: Assessoria de Imprensa\/Arquidiocese de Rio de Janeiro<\/p>\n","protected":false},"excerpt":{"rendered":"<p>Na pr\u00f3xima quinta-feira, dia 1\u00ba de mar\u00e7o, os cariocas comemoram mais um anivers\u00e1rio da Cidade do Rio de Janeiro \u2013 a Cidade Maravilhosa, o 453\u00ba. Para celebrar a festa, o arcebispo metropolitano, Cardeal Orani Tempesta, celebrar\u00e1 uma Santa Missa em A\u00e7\u00e3o de Gra\u00e7as pela data hist\u00f3rica, \u00e0s 18h, no Santu\u00e1rio Bas\u00edlica S\u00e3o Sebasti\u00e3o, no bairro&nbsp;<\/p>\n<p><a class=\"btn btn-style\" href=\"http:\/\/portalcatolico.net\/portal\/arcebispo-do-rio-celebra-missa-pelos-453-anos-da-cidade-maravilhosa\/\">Continue Reading<\/a><\/p>\n","protected":false},"author":2,"featured_media":51689,"comment_status":"open","ping_status":"open","sticky":false,"template":"","format":"standard","meta":{"footnotes":""},"categories":[1],"tags":[],"class_list":["post-51688","post","type-post","status-publish","format-standard","has-post-thumbnail","hentry","category-agenda"],"_links":{"self":[{"href":"http:\/\/portalcatolico.net\/portal\/wp-json\/wp\/v2\/posts\/51688","targetHints":{"allow":["GET"]}}],"collection":[{"href":"http:\/\/portalcatolico.net\/portal\/wp-json\/wp\/v2\/posts"}],"about":[{"href":"http:\/\/portalcatolico.net\/portal\/wp-json\/wp\/v2\/types\/post"}],"author":[{"embeddable":true,"href":"http:\/\/portalcatolico.net\/portal\/wp-json\/wp\/v2\/users\/2"}],"replies":[{"embeddable":true,"href":"http:\/\/portalcatolico.net\/portal\/wp-json\/wp\/v2\/comments?post=51688"}],"version-history":[{"count":1,"href":"http:\/\/portalcatolico.net\/portal\/wp-json\/wp\/v2\/posts\/51688\/revisions"}],"predecessor-version":[{"id":51690,"href":"http:\/\/portalcatolico.net\/portal\/wp-json\/wp\/v2\/posts\/51688\/revisions\/51690"}],"wp:featuredmedia":[{"embeddable":true,"href":"http:\/\/portalcatolico.net\/portal\/wp-json\/wp\/v2\/media\/51689"}],"wp:attachment":[{"href":"http:\/\/portalcatolico.net\/portal\/wp-json\/wp\/v2\/media?parent=51688"}],"wp:term":[{"taxonomy":"category","embeddable":true,"href":"http:\/\/portalcatolico.net\/portal\/wp-json\/wp\/v2\/categories?post=51688"},{"taxonomy":"post_tag","embeddable":true,"href":"http:\/\/portalcatolico.net\/portal\/wp-json\/wp\/v2\/tags?post=51688"}],"curies":[{"name":"wp","href":"https:\/\/api.w.org\/{rel}","templated":true}]}}