{"id":51534,"date":"2018-02-27T06:01:55","date_gmt":"2018-02-27T09:01:55","guid":{"rendered":"http:\/\/portalcatolico.net\/portal\/?p=51534"},"modified":"2018-02-27T06:03:48","modified_gmt":"2018-02-27T09:03:48","slug":"caminhada-penitencial-reunira-milhares-de-pessoas-no-proximo-domingo-4","status":"publish","type":"post","link":"http:\/\/portalcatolico.net\/portal\/caminhada-penitencial-reunira-milhares-de-pessoas-no-proximo-domingo-4\/","title":{"rendered":"Caminhada Penitencial reunir\u00e1 milhares de pessoas no pr\u00f3ximo domingo (4)"},"content":{"rendered":"<p>Todos os anos, no terceiro domingo da Quaresma, milhares de pessoas participam da Caminhada Penitencial. O evento, que este ano acontecer\u00e1 no dia 4 de mar\u00e7o, ter\u00e1 in\u00edcio em tr\u00eas locais diferentes: Bas\u00edlica Santu\u00e1rio Nossa Senhora da Concei\u00e7\u00e3o da Praia (Com\u00e9rcio), Par\u00f3quia Nossa Senhora das Dores (Lobato) e Par\u00f3quia Nossa Senhora dos Mares (Largo dos Mares).<\/p>\n<p>\u00c0s 6h30 o Arcebispo de Salvador e Primaz do Brasil, Dom Murilo Krieger, presidir\u00e1 a Missa em frente \u00e0 Bas\u00edlica Nossa Senhora da Concei\u00e7\u00e3o da Praia. J\u00e1 na Matriz da Par\u00f3quia Nossa Senhora das Dores, no Lobato, diferente dos anos anteriores, n\u00e3o acontecer\u00e1 a Missa, em virtude das obras de reforma da Matriz. Por\u00e9m, \u00e0s 6h os fi\u00e9is que estiverem no Lobato sair\u00e3o em prociss\u00e3o at\u00e9 o Largo dos Mares, onde, \u00e0s 7h30, ser\u00e1 presidida a Missa pelo bispo auxiliar, Dom Gilson Andrade da Silva.<\/p>\n<p>Ao final da Missa na Concei\u00e7\u00e3o da Praia ter\u00e1 in\u00edcio a prociss\u00e3o at\u00e9 o Largo dos Mares, onde os fi\u00e9is se encontrar\u00e3o e juntos seguir\u00e3o at\u00e9 a Bas\u00edlica Santu\u00e1rio Senhor Bom Jesus do Bonfim. Durante todo o percurso, ser\u00e3o carregadas duas cruzes, cada uma com seis metros de comprimento e tr\u00eas metros de largura. Quem desejar poder\u00e1 receber o sacramento da Confiss\u00e3o.<\/p>\n<p>A Pastoral Universit\u00e1ria (PU) tamb\u00e9m marcar\u00e1 presen\u00e7a durante o evento. Ao longo dos 8km de caminhada, estudantes, professores e funcion\u00e1rios de universidades recolher\u00e3o garrafas pet descartadas pelos participantes, que ser\u00e3o entregues ao Projeto Levanta-te e Anda e \u00e0 Igreja da Trindade.<\/p>\n<p>Para os fi\u00e9is que ir\u00e3o participar da Caminhada Penitencial, a Arquidiocese faz um pedido: a doa\u00e7\u00e3o de alimentos n\u00e3o perec\u00edveis, que ser\u00e3o destinados para institui\u00e7\u00f5es na capital baiana, como as Obras Sociais Irm\u00e3 Dulce (OSID) e o Hospital Martag\u00e3o Gesteira.<\/p>\n<p><strong>Na ilha<\/strong><\/p>\n<p>As par\u00f3quias que fazem parte da Forania 10 (Sant\u00edssimo Sacramento, Sagrado Cora\u00e7\u00e3o de Jesus, Nossa Senhora do Carmo e Santo Amaro) tamb\u00e9m realizam a Caminhada Penitencial neste mesmo dia (4). A Missa ter\u00e1 in\u00edcio \u00e0s 8h, em frente \u00e0 matriz da Par\u00f3quia Nossa Senhora do Carmo, em Salinas da Margarida.<\/p>\n<p>Em 2017, mais de 200 mil pessoas participaram da Caminhada Penitencial em Salvador .<\/p>\n<p>Foto: Patr\u00edcia Luz<\/p>\n<p>Fonte:Arquidiocese de Salvador<\/p>\n","protected":false},"excerpt":{"rendered":"<p>Todos os anos, no terceiro domingo da Quaresma, milhares de pessoas participam da Caminhada Penitencial. O evento, que este ano acontecer\u00e1 no dia 4 de mar\u00e7o, ter\u00e1 in\u00edcio em tr\u00eas locais diferentes: Bas\u00edlica Santu\u00e1rio Nossa Senhora da Concei\u00e7\u00e3o da Praia (Com\u00e9rcio), Par\u00f3quia Nossa Senhora das Dores (Lobato) e Par\u00f3quia Nossa Senhora dos Mares (Largo dos&nbsp;<\/p>\n<p><a class=\"btn btn-style\" href=\"http:\/\/portalcatolico.net\/portal\/caminhada-penitencial-reunira-milhares-de-pessoas-no-proximo-domingo-4\/\">Continue Reading<\/a><\/p>\n","protected":false},"author":2,"featured_media":51535,"comment_status":"open","ping_status":"open","sticky":false,"template":"","format":"standard","meta":{"footnotes":""},"categories":[1],"tags":[],"class_list":["post-51534","post","type-post","status-publish","format-standard","has-post-thumbnail","hentry","category-agenda"],"_links":{"self":[{"href":"http:\/\/portalcatolico.net\/portal\/wp-json\/wp\/v2\/posts\/51534","targetHints":{"allow":["GET"]}}],"collection":[{"href":"http:\/\/portalcatolico.net\/portal\/wp-json\/wp\/v2\/posts"}],"about":[{"href":"http:\/\/portalcatolico.net\/portal\/wp-json\/wp\/v2\/types\/post"}],"author":[{"embeddable":true,"href":"http:\/\/portalcatolico.net\/portal\/wp-json\/wp\/v2\/users\/2"}],"replies":[{"embeddable":true,"href":"http:\/\/portalcatolico.net\/portal\/wp-json\/wp\/v2\/comments?post=51534"}],"version-history":[{"count":2,"href":"http:\/\/portalcatolico.net\/portal\/wp-json\/wp\/v2\/posts\/51534\/revisions"}],"predecessor-version":[{"id":51538,"href":"http:\/\/portalcatolico.net\/portal\/wp-json\/wp\/v2\/posts\/51534\/revisions\/51538"}],"wp:featuredmedia":[{"embeddable":true,"href":"http:\/\/portalcatolico.net\/portal\/wp-json\/wp\/v2\/media\/51535"}],"wp:attachment":[{"href":"http:\/\/portalcatolico.net\/portal\/wp-json\/wp\/v2\/media?parent=51534"}],"wp:term":[{"taxonomy":"category","embeddable":true,"href":"http:\/\/portalcatolico.net\/portal\/wp-json\/wp\/v2\/categories?post=51534"},{"taxonomy":"post_tag","embeddable":true,"href":"http:\/\/portalcatolico.net\/portal\/wp-json\/wp\/v2\/tags?post=51534"}],"curies":[{"name":"wp","href":"https:\/\/api.w.org\/{rel}","templated":true}]}}