{"id":51529,"date":"2018-02-26T21:59:38","date_gmt":"2018-02-27T00:59:38","guid":{"rendered":"http:\/\/portalcatolico.net\/portal\/?p=51529"},"modified":"2018-02-26T21:59:38","modified_gmt":"2018-02-27T00:59:38","slug":"presidente-da-cnbb-lamenta-agressividade-crescente-compartilhada-e-alimentada-por-muitos-catolicos-nas-redes-sociais","status":"publish","type":"post","link":"http:\/\/portalcatolico.net\/portal\/presidente-da-cnbb-lamenta-agressividade-crescente-compartilhada-e-alimentada-por-muitos-catolicos-nas-redes-sociais\/","title":{"rendered":"Presidente da CNBB lamenta agressividade crescente \u201ccompartilhada e alimentada por muitos cat\u00f3licos nas redes sociais\u201d"},"content":{"rendered":"<p>\u201cEscutar a voz de Jesus implica em viver no amor fraterno\u201d. Este \u00e9 o ponto de partida da reflex\u00e3o apresentada pelo arcebispo de Bras\u00edlia (DF) e presidente da Confer\u00eancia Nacional dos Bispos do Brasil (CNBB), cardeal Sergio da Rocha, no folheto O Povo de Deus do \u00faltimo domingo, 25. No texto, dom Sergio lamenta que muitos cat\u00f3licos t\u00eam compartilhado e alimentado agressividade nas redes sociais e exorta: \u201c\u00c9 pecado grave usar o nome de Deus ou qualquer religi\u00e3o para praticar ou justificar a viol\u00eancia\u201d.<\/p>\n<p>Comentando o Evangelho do dia, sobre a Transfigura\u00e7\u00e3o do Senhor, dom Sergio destaca o convite do Pai para escutar a voz de Jesus e indica a Quaresma como \u201ctempo especial de convers\u00e3o em prepara\u00e7\u00e3o para a P\u00e1scoa\u201d, e que deve ser vivido atrav\u00e9s da caridade, como ensina a Igreja.<\/p>\n<div id=\"attachment_165068\" class=\"wp-caption alignright\"><a href=\"http:\/\/cnbb.net.br\/presidente-da-cnbb-lamenta-agressividade-crescente-compartilhada-e-alimentada-por-muitos-catolicos-nas-redes-sociais\/cardeal-sergio-da-rocha-chico-ferreira-960\/\"><img loading=\"lazy\" decoding=\"async\" class=\"size-medium wp-image-165068\" src=\"http:\/\/cnbb.net.br\/wp-content\/uploads\/sites\/32\/2018\/02\/Cardeal-Sergio-da-Rocha-Chico-Ferreira-960-300x200.jpg\" srcset=\"http:\/\/cnbb.net.br\/wp-content\/uploads\/sites\/32\/2018\/02\/Cardeal-Sergio-da-Rocha-Chico-Ferreira-960-300x200.jpg 300w, http:\/\/cnbb.net.br\/wp-content\/uploads\/sites\/32\/2018\/02\/Cardeal-Sergio-da-Rocha-Chico-Ferreira-960-768x511.jpg 768w, http:\/\/cnbb.net.br\/wp-content\/uploads\/sites\/32\/2018\/02\/Cardeal-Sergio-da-Rocha-Chico-Ferreira-960.jpg 960w\" alt=\"\" width=\"300\" height=\"200\" \/><\/a><\/p>\n<p class=\"wp-caption-text\"><em>Foto: arquidiocese de Bras\u00edlia\/Chico Ferreira<\/em><\/p>\n<\/div>\n<p>A Campanha da Fraternidade (CF) est\u00e1 entre os principais meios de viv\u00eancia do amor ao pr\u00f3ximo na Quaresma, segundo o presidente da CNBB: \u201cEla \u00e9 um meio especial para a convers\u00e3o e a verdadeira caridade\u201d. Para dom Sergio, o lema \u201cV\u00f3s sois todos irm\u00e3os\u201d pretende contribuir para superar a viol\u00eancia e promover a paz.<\/p>\n<p>O cardeal ressalta que muitas iniciativas podem ser desenvolvidas para alcan\u00e7ar os objetivos da CF deste ano e que cada um pode dar a sua contribui\u00e7\u00e3o \u201cpara superar a viol\u00eancia e construir a fraternidade e paz nos ambientes em que vive\u201d. Mas lamenta a agressividade crescente \u201ccompartilhada e alimentada por muitos cat\u00f3licos nas redes sociais\u201d.<\/p>\n<blockquote><p><em><strong>\u201cDiga n\u00e3o \u00e0 viol\u00eancia nas redes sociais! N\u00e3o compartilhe conte\u00fados ofensivos e desrespeitosos. N\u00e3o participe de grupos de WhatsApp ou de outras redes sociais que disseminam fofocas, fazem linchamento moral e cr\u00edticas destrutivas, atingindo at\u00e9 mesmo a Igreja\u201d, conclama.\u00a0<\/strong><\/em><\/p><\/blockquote>\n<p>Para o cardeal, \u00e9 lament\u00e1vel que haja pessoas ou grupos que se dizem crist\u00e3os ou cat\u00f3licos recorrendo \u00e0 viol\u00eancia para fazer valer a sua opini\u00e3o e interesses: \u201c\u00c9 pecado grave usar o nome de Deus ou qualquer religi\u00e3o para praticar ou justificar a viol\u00eancia\u201d, exorta.<\/p>\n<blockquote><p><em><strong>\u201cQuem escuta a voz de Jesus Cristo n\u00e3o alimenta, nem reproduz a viol\u00eancia disseminada na sociedade. Ao contr\u00e1rio, contribui para a paz, atrav\u00e9s do respeito e do di\u00e1logo, da miseric\u00f3rdia e do perd\u00e3o. Quem escuta a voz de Jesus testemunha a sua palavra \u201cV\u00f3s sois todos irm\u00e3os\u201d, jamais tratando o outro que pensa diferente como um inimigo a ser combatido, mas como um irm\u00e3o a ser amando, se necess\u00e1rio com a corre\u00e7\u00e3o fraterna e o perd\u00e3o. A paz \u00e9 dom de Deus a ser compartilhado nesta Quaresma\u201d, finaliza. (CNBB)<\/strong><\/em><\/p><\/blockquote>\n","protected":false},"excerpt":{"rendered":"<p>\u201cEscutar a voz de Jesus implica em viver no amor fraterno\u201d. Este \u00e9 o ponto de partida da reflex\u00e3o apresentada pelo arcebispo de Bras\u00edlia (DF) e presidente da Confer\u00eancia Nacional dos Bispos do Brasil (CNBB), cardeal Sergio da Rocha, no folheto O Povo de Deus do \u00faltimo domingo, 25. No texto, dom Sergio lamenta que&nbsp;<\/p>\n<p><a class=\"btn btn-style\" href=\"http:\/\/portalcatolico.net\/portal\/presidente-da-cnbb-lamenta-agressividade-crescente-compartilhada-e-alimentada-por-muitos-catolicos-nas-redes-sociais\/\">Continue Reading<\/a><\/p>\n","protected":false},"author":2,"featured_media":51530,"comment_status":"open","ping_status":"open","sticky":false,"template":"","format":"standard","meta":{"footnotes":""},"categories":[3],"tags":[],"class_list":["post-51529","post","type-post","status-publish","format-standard","has-post-thumbnail","hentry","category-noticias_regionais"],"_links":{"self":[{"href":"http:\/\/portalcatolico.net\/portal\/wp-json\/wp\/v2\/posts\/51529","targetHints":{"allow":["GET"]}}],"collection":[{"href":"http:\/\/portalcatolico.net\/portal\/wp-json\/wp\/v2\/posts"}],"about":[{"href":"http:\/\/portalcatolico.net\/portal\/wp-json\/wp\/v2\/types\/post"}],"author":[{"embeddable":true,"href":"http:\/\/portalcatolico.net\/portal\/wp-json\/wp\/v2\/users\/2"}],"replies":[{"embeddable":true,"href":"http:\/\/portalcatolico.net\/portal\/wp-json\/wp\/v2\/comments?post=51529"}],"version-history":[{"count":1,"href":"http:\/\/portalcatolico.net\/portal\/wp-json\/wp\/v2\/posts\/51529\/revisions"}],"predecessor-version":[{"id":51531,"href":"http:\/\/portalcatolico.net\/portal\/wp-json\/wp\/v2\/posts\/51529\/revisions\/51531"}],"wp:featuredmedia":[{"embeddable":true,"href":"http:\/\/portalcatolico.net\/portal\/wp-json\/wp\/v2\/media\/51530"}],"wp:attachment":[{"href":"http:\/\/portalcatolico.net\/portal\/wp-json\/wp\/v2\/media?parent=51529"}],"wp:term":[{"taxonomy":"category","embeddable":true,"href":"http:\/\/portalcatolico.net\/portal\/wp-json\/wp\/v2\/categories?post=51529"},{"taxonomy":"post_tag","embeddable":true,"href":"http:\/\/portalcatolico.net\/portal\/wp-json\/wp\/v2\/tags?post=51529"}],"curies":[{"name":"wp","href":"https:\/\/api.w.org\/{rel}","templated":true}]}}