{"id":51523,"date":"2018-02-26T18:09:56","date_gmt":"2018-02-26T21:09:56","guid":{"rendered":"http:\/\/portalcatolico.net\/portal\/?p=51523"},"modified":"2018-02-27T05:56:54","modified_gmt":"2018-02-27T08:56:54","slug":"assembleia-estadual-da-rcc-bahia-se-reune-em-itabuna","status":"publish","type":"post","link":"http:\/\/portalcatolico.net\/portal\/assembleia-estadual-da-rcc-bahia-se-reune-em-itabuna\/","title":{"rendered":"Assembleia Estadual da RCC Bahia foi realizada em Itabuna"},"content":{"rendered":"<p style=\"font-weight: 400;\"><em>O Conselho Estadual da Renova\u00e7\u00e3o Carism\u00e1tica Cat\u00f3lica no Estado da Bahia se reuniu em Assembleia entre os dias 23 e 25 de fevereiro, no Centro Pastoral Diocesano, situado no bairro Jardim Vit\u00f3ria em Itabuna (BA).<\/em><\/p>\n<p style=\"font-weight: 400;\"><em>Membros de mais de 20 dioceses estiveram presentes participando com seus servos deste momento importante para a evangeliza\u00e7\u00e3o da RCC.<\/em><\/p>\n<p style=\"font-weight: 400;\"><em>O evento teve in\u00edcio na sexta-feira (23) com a santa missa e acolhimentos dos seus servos. O primeiro dia \u00a0foi composto de m\u00fasica, louvor, adora\u00e7\u00e3o, missa, entre outros momentos de evangeliza\u00e7\u00e3o.<\/em><\/p>\n<p style=\"font-weight: 400;\"><em>No s\u00e1bado, os membros foram at\u00e9 a Catedral Diocesana de S\u00e3o Jose, no centro da cidade, para participar da santa missa com a presid\u00eancia do Assessor Eclesi\u00e1stico da RCC na Diocese de Itabuna, o Pe. Gilvan Oliveira, \u00e0s 18h, com a participa\u00e7\u00e3o de v\u00e1rios membros das par\u00f3quias de Itabuna. Na<img loading=\"lazy\" decoding=\"async\" class=\"size-medium wp-image-51524 alignright\" src=\"http:\/\/portalcatolico.net\/portal\/wp-content\/uploads\/2018\/02\/DSCN8404-300x225.jpg\" alt=\"DSCN8404\" width=\"300\" height=\"225\" srcset=\"http:\/\/portalcatolico.net\/portal\/wp-content\/uploads\/2018\/02\/DSCN8404-300x225.jpg 300w, http:\/\/portalcatolico.net\/portal\/wp-content\/uploads\/2018\/02\/DSCN8404.jpg 640w\" sizes=\"auto, (max-width: 300px) 100vw, 300px\" \/> oportunidade, padre Gilvan elogiou o evento: \u201cAqui est\u00e3o todas as lideran\u00e7as de todas as dioceses da Bahia. \u00c9 muito lindo esta fus\u00e3o do Esp\u00edrito Santo em nossa igreja, recebendo todos com alegria. Que todos voc\u00eas recebam o abra\u00e7o do nosso bispo e do padre assessor eclesi\u00e1stico desta diocese.\u201d<\/em><\/p>\n<p style=\"font-weight: 400;\"><em>Frederico Mastroangelo Sim\u00f5es Marque, Presidente do Conselho Estadual da RCC do Estado DA Bahia,\u00a0<\/em><em>tamb\u00e9m falou do encontro:\u00a0<\/em>\u201cAvaliar a caminhada do ano anterior e planejar a caminhada deste ano. \u00c9 uma Assembleia Geral que re\u00fane toda lideran\u00e7a do movimento para tra\u00e7ar os passos do movimento de agora por diante.\u201d<\/p>\n<p style=\"font-weight: 400;\">Ainda segundo Frederico,\u00a0<em>em breve, mais uma nova diocese (a de Cruz das Almas), tamb\u00e9m ir\u00e1 somar com as 22 j\u00e1 existentes, j\u00e1 que esta foi desmembrada\u00a0da Arquidiocese de Salvador em 28 de janeiro.<\/em><\/p>\n<p style=\"font-weight: 400;\"><em>No\u00a0\u00a0domingo (25), \u00e0<\/em><em>s 7h, a \u00faltima missa do evento foi realizada na capela de Nossa Senhora do Perp\u00e9tuo Socorro, com a presid\u00eancia do bispo Diocesano da Diocese de Itabuna, Dom Carlos Alberto <img loading=\"lazy\" decoding=\"async\" class=\"size-medium wp-image-51525 alignleft\" src=\"http:\/\/portalcatolico.net\/portal\/wp-content\/uploads\/2018\/02\/DSCN9825-300x225.jpg\" alt=\"DSCN9825\" width=\"300\" height=\"225\" srcset=\"http:\/\/portalcatolico.net\/portal\/wp-content\/uploads\/2018\/02\/DSCN9825-300x225.jpg 300w, http:\/\/portalcatolico.net\/portal\/wp-content\/uploads\/2018\/02\/DSCN9825.jpg 640w\" sizes=\"auto, (max-width: 300px) 100vw, 300px\" \/>dos Santos<\/em><em>.\u00a0<\/em>Na homilia, o bispo \u201cpuxou a orelha\u201d dos fieis: \u201cEscutai o que o Pai diz. Quantos minutos a gente tira por dia para escutar o Senhor? Seja voc\u00ea um po\u00e7o de Deus. Sejamos instrumentos de Deus em qualquer ambiente que n\u00f3s estivermos\u201d.<\/p>\n<p style=\"font-weight: 400;\"><em>\u00a0<\/em><em>Ao final da celebra\u00e7\u00e3o, o bispo \u00a0agradeceu aos participantes do evento e disse que todas as dioceses s\u00e3o importantes: \u201c(&#8230;) Se n\u00e3o fosse assim n\u00e3o deveria estar existindo, pois todos voc\u00eas est\u00e3o se doando ao \u00a0servi\u00e7o do Evangelho, para que\u00a0\u00a0ela se torne ainda mais bela, porque Jesus quer que esta beleza aconte\u00e7a entre cada um de n\u00f3s.\u201d, finalizou.<\/em><\/p>\n<p style=\"font-weight: 400;\"><em>\u00a0<\/em><em>Reportagem e fotos: Valdeni Elias<\/em><\/p>\n<p style=\"font-weight: 400;\"><em>Edi\u00e7\u00e3o de texto: Anara Passos\u00a0<\/em><\/p>\n<p style=\"font-weight: 400;\"><strong>Confira as fotos na nossa p\u00e1gina do facebook: <a href=\"http:\/\/: https:\/\/www.facebook.com\/portalcatolicooficial\/\"><span style=\"color: #ff0000;\">Clique aqui<\/span><\/a><\/strong><\/p>\n","protected":false},"excerpt":{"rendered":"<p>O Conselho Estadual da Renova\u00e7\u00e3o Carism\u00e1tica Cat\u00f3lica no Estado da Bahia se reuniu em Assembleia entre os dias 23 e 25 de fevereiro, no Centro Pastoral Diocesano, situado no bairro Jardim Vit\u00f3ria em Itabuna (BA). Membros de mais de 20 dioceses estiveram presentes participando com seus servos deste momento importante para a evangeliza\u00e7\u00e3o da RCC.&nbsp;<\/p>\n<p><a class=\"btn btn-style\" href=\"http:\/\/portalcatolico.net\/portal\/assembleia-estadual-da-rcc-bahia-se-reune-em-itabuna\/\">Continue Reading<\/a><\/p>\n","protected":false},"author":2,"featured_media":51526,"comment_status":"open","ping_status":"open","sticky":false,"template":"","format":"standard","meta":{"footnotes":""},"categories":[65],"tags":[],"class_list":["post-51523","post","type-post","status-publish","format-standard","has-post-thumbnail","hentry","category-entrevistas"],"_links":{"self":[{"href":"http:\/\/portalcatolico.net\/portal\/wp-json\/wp\/v2\/posts\/51523","targetHints":{"allow":["GET"]}}],"collection":[{"href":"http:\/\/portalcatolico.net\/portal\/wp-json\/wp\/v2\/posts"}],"about":[{"href":"http:\/\/portalcatolico.net\/portal\/wp-json\/wp\/v2\/types\/post"}],"author":[{"embeddable":true,"href":"http:\/\/portalcatolico.net\/portal\/wp-json\/wp\/v2\/users\/2"}],"replies":[{"embeddable":true,"href":"http:\/\/portalcatolico.net\/portal\/wp-json\/wp\/v2\/comments?post=51523"}],"version-history":[{"count":2,"href":"http:\/\/portalcatolico.net\/portal\/wp-json\/wp\/v2\/posts\/51523\/revisions"}],"predecessor-version":[{"id":51533,"href":"http:\/\/portalcatolico.net\/portal\/wp-json\/wp\/v2\/posts\/51523\/revisions\/51533"}],"wp:featuredmedia":[{"embeddable":true,"href":"http:\/\/portalcatolico.net\/portal\/wp-json\/wp\/v2\/media\/51526"}],"wp:attachment":[{"href":"http:\/\/portalcatolico.net\/portal\/wp-json\/wp\/v2\/media?parent=51523"}],"wp:term":[{"taxonomy":"category","embeddable":true,"href":"http:\/\/portalcatolico.net\/portal\/wp-json\/wp\/v2\/categories?post=51523"},{"taxonomy":"post_tag","embeddable":true,"href":"http:\/\/portalcatolico.net\/portal\/wp-json\/wp\/v2\/tags?post=51523"}],"curies":[{"name":"wp","href":"https:\/\/api.w.org\/{rel}","templated":true}]}}