{"id":51517,"date":"2018-02-25T20:06:35","date_gmt":"2018-02-25T23:06:35","guid":{"rendered":"http:\/\/portalcatolico.net\/portal\/?p=51517"},"modified":"2018-02-25T20:08:27","modified_gmt":"2018-02-25T23:08:27","slug":"comunidade-mefa-realiza-dia-de-jejum-e-oracao","status":"publish","type":"post","link":"http:\/\/portalcatolico.net\/portal\/comunidade-mefa-realiza-dia-de-jejum-e-oracao\/","title":{"rendered":"Comunidade Mefa realiza dia de jejum e ora\u00e7\u00e3o"},"content":{"rendered":"<div dir=\"auto\"><i>Na \u00faltima sexta-feira, na capela de S\u00e3o Francisco de Assis, situada no Banco Raso, em Itabuna (BA), a Comunidade MEFA (Miss\u00e3o \u00a0Eucar\u00edstica Fogo no Altar), em comunh\u00e3o com o cora\u00e7\u00e3o do Santo padre, o Papa Francisco, foi realizado um dia inteiro de Adora\u00e7\u00e3o ao Sant\u00edssimo Sacramento na Capela S\u00e3o Francisco.\u00a0<\/i><i>\u00a0Foi um dia intenso de jejum e ora\u00e7\u00e3o suplicado a Deus pela paz\u00a0 no mundo inteiro, dedicado e atendendo o apelo da Igreja Cat\u00f3lico \u00a0Apost\u00f3lica Romana com Jesus exposto ,em adora\u00e7\u00e3o, ora\u00e7\u00e3o, jejum e penit\u00eancia.\u00a0<\/i><\/div>\n<div dir=\"auto\"><i>O Encontro teve in\u00edcio \u00e0s 9h e finalizou \u00e0s 17h, com a participa\u00e7\u00e3o de v\u00e1rios pastorais movimentos, comunidades e fieis cat\u00f3licos.<\/i><\/div>\n<div dir=\"auto\"><i>A comunidade pertence \u00e0 Par\u00f3quia Santa Rita de Cassia, situada no bairro S\u00e3o Caetano.<\/i><\/div>\n<div dir=\"auto\">Por Anara Passos<\/div>\n","protected":false},"excerpt":{"rendered":"<p>Na \u00faltima sexta-feira, na capela de S\u00e3o Francisco de Assis, situada no Banco Raso, em Itabuna (BA), a Comunidade MEFA (Miss\u00e3o \u00a0Eucar\u00edstica Fogo no Altar), em comunh\u00e3o com o cora\u00e7\u00e3o do Santo padre, o Papa Francisco, foi realizado um dia inteiro de Adora\u00e7\u00e3o ao Sant\u00edssimo Sacramento na Capela S\u00e3o Francisco.\u00a0\u00a0Foi um dia intenso de jejum&nbsp;<\/p>\n<p><a class=\"btn btn-style\" href=\"http:\/\/portalcatolico.net\/portal\/comunidade-mefa-realiza-dia-de-jejum-e-oracao\/\">Continue Reading<\/a><\/p>\n","protected":false},"author":2,"featured_media":51518,"comment_status":"open","ping_status":"open","sticky":false,"template":"","format":"standard","meta":{"footnotes":""},"categories":[4],"tags":[],"class_list":["post-51517","post","type-post","status-publish","format-standard","has-post-thumbnail","hentry","category-destaques"],"_links":{"self":[{"href":"http:\/\/portalcatolico.net\/portal\/wp-json\/wp\/v2\/posts\/51517","targetHints":{"allow":["GET"]}}],"collection":[{"href":"http:\/\/portalcatolico.net\/portal\/wp-json\/wp\/v2\/posts"}],"about":[{"href":"http:\/\/portalcatolico.net\/portal\/wp-json\/wp\/v2\/types\/post"}],"author":[{"embeddable":true,"href":"http:\/\/portalcatolico.net\/portal\/wp-json\/wp\/v2\/users\/2"}],"replies":[{"embeddable":true,"href":"http:\/\/portalcatolico.net\/portal\/wp-json\/wp\/v2\/comments?post=51517"}],"version-history":[{"count":3,"href":"http:\/\/portalcatolico.net\/portal\/wp-json\/wp\/v2\/posts\/51517\/revisions"}],"predecessor-version":[{"id":51521,"href":"http:\/\/portalcatolico.net\/portal\/wp-json\/wp\/v2\/posts\/51517\/revisions\/51521"}],"wp:featuredmedia":[{"embeddable":true,"href":"http:\/\/portalcatolico.net\/portal\/wp-json\/wp\/v2\/media\/51518"}],"wp:attachment":[{"href":"http:\/\/portalcatolico.net\/portal\/wp-json\/wp\/v2\/media?parent=51517"}],"wp:term":[{"taxonomy":"category","embeddable":true,"href":"http:\/\/portalcatolico.net\/portal\/wp-json\/wp\/v2\/categories?post=51517"},{"taxonomy":"post_tag","embeddable":true,"href":"http:\/\/portalcatolico.net\/portal\/wp-json\/wp\/v2\/tags?post=51517"}],"curies":[{"name":"wp","href":"https:\/\/api.w.org\/{rel}","templated":true}]}}