{"id":51514,"date":"2018-02-26T05:03:19","date_gmt":"2018-02-26T08:03:19","guid":{"rendered":"http:\/\/portalcatolico.net\/portal\/?p=51514"},"modified":"2018-02-25T20:03:44","modified_gmt":"2018-02-25T23:03:44","slug":"vem-ai-a-festa-de-sao-jose","status":"publish","type":"post","link":"http:\/\/portalcatolico.net\/portal\/vem-ai-a-festa-de-sao-jose\/","title":{"rendered":"Vem a\u00ed a Festa de S\u00e3o Jos\u00e9!"},"content":{"rendered":"<div dir=\"auto\">O<i>s preparativos para a festa do padroeiro da Catedral, da cidade e da diocese de Itabuna<\/i>\u00a0esta pr\u00f3ximo para\u00a0 come\u00e7ar!<i>\u00a0<\/i><i>19 \u00a0mar\u00e7o<\/i><i>, dia dedicado ao santo e padroeiro da cidade de Itabuna\u00a0<\/i>no sul da Bahia.<\/div>\n<div dir=\"auto\"><i>Nos pr\u00f3ximos dias, este site vai divulgar<\/i><i>\u00a0uma programa\u00e7\u00e3o tradicional e especial<\/i><i>\u00a0para voc\u00ea, sobre tudo referente \u00e0 festa de S\u00e3o Jos\u00e9.<\/i><\/div>\n<div dir=\"auto\"><i>O grande dia festivo \u00e9 19 de mar\u00e7o. Aguarde uma programa\u00e7\u00e3o completa.<\/i><\/div>\n","protected":false},"excerpt":{"rendered":"<p>Os preparativos para a festa do padroeiro da Catedral, da cidade e da diocese de Itabuna\u00a0esta pr\u00f3ximo para\u00a0 come\u00e7ar!\u00a019 \u00a0mar\u00e7o, dia dedicado ao santo e padroeiro da cidade de Itabuna\u00a0no sul da Bahia. Nos pr\u00f3ximos dias, este site vai divulgar\u00a0uma programa\u00e7\u00e3o tradicional e especial\u00a0para voc\u00ea, sobre tudo referente \u00e0 festa de S\u00e3o Jos\u00e9. O grande&nbsp;<\/p>\n<p><a class=\"btn btn-style\" href=\"http:\/\/portalcatolico.net\/portal\/vem-ai-a-festa-de-sao-jose\/\">Continue Reading<\/a><\/p>\n","protected":false},"author":2,"featured_media":51515,"comment_status":"open","ping_status":"open","sticky":false,"template":"","format":"standard","meta":{"footnotes":""},"categories":[1],"tags":[],"class_list":["post-51514","post","type-post","status-publish","format-standard","has-post-thumbnail","hentry","category-agenda"],"_links":{"self":[{"href":"http:\/\/portalcatolico.net\/portal\/wp-json\/wp\/v2\/posts\/51514","targetHints":{"allow":["GET"]}}],"collection":[{"href":"http:\/\/portalcatolico.net\/portal\/wp-json\/wp\/v2\/posts"}],"about":[{"href":"http:\/\/portalcatolico.net\/portal\/wp-json\/wp\/v2\/types\/post"}],"author":[{"embeddable":true,"href":"http:\/\/portalcatolico.net\/portal\/wp-json\/wp\/v2\/users\/2"}],"replies":[{"embeddable":true,"href":"http:\/\/portalcatolico.net\/portal\/wp-json\/wp\/v2\/comments?post=51514"}],"version-history":[{"count":1,"href":"http:\/\/portalcatolico.net\/portal\/wp-json\/wp\/v2\/posts\/51514\/revisions"}],"predecessor-version":[{"id":51516,"href":"http:\/\/portalcatolico.net\/portal\/wp-json\/wp\/v2\/posts\/51514\/revisions\/51516"}],"wp:featuredmedia":[{"embeddable":true,"href":"http:\/\/portalcatolico.net\/portal\/wp-json\/wp\/v2\/media\/51515"}],"wp:attachment":[{"href":"http:\/\/portalcatolico.net\/portal\/wp-json\/wp\/v2\/media?parent=51514"}],"wp:term":[{"taxonomy":"category","embeddable":true,"href":"http:\/\/portalcatolico.net\/portal\/wp-json\/wp\/v2\/categories?post=51514"},{"taxonomy":"post_tag","embeddable":true,"href":"http:\/\/portalcatolico.net\/portal\/wp-json\/wp\/v2\/tags?post=51514"}],"curies":[{"name":"wp","href":"https:\/\/api.w.org\/{rel}","templated":true}]}}