{"id":51511,"date":"2018-02-25T16:09:22","date_gmt":"2018-02-25T19:09:22","guid":{"rendered":"http:\/\/portalcatolico.net\/portal\/?p=51511"},"modified":"2018-02-25T16:09:22","modified_gmt":"2018-02-25T19:09:22","slug":"editorial-e-tempo-de-os-jovens-assumirem-sua-responsabilidade-na-igreja","status":"publish","type":"post","link":"http:\/\/portalcatolico.net\/portal\/editorial-e-tempo-de-os-jovens-assumirem-sua-responsabilidade-na-igreja\/","title":{"rendered":"Editorial: \u00e9 tempo de os jovens assumirem sua responsabilidade na Igreja"},"content":{"rendered":"<div class=\"article__subTitle\">O caminho rumo \u00e0 JMJ do Panam\u00e1 deve ser de prepara\u00e7\u00e3o, para que os jovens assumam suas responsabilidades na Igreja: \u00e9 o convite de Francisco contido na mensagem para JMJ deste ano.<\/div>\n<div class=\"title__separator\"><\/div>\n<div class=\"article__text\">\n<p>Na vida jamais devemos perder o prazer de sonhar juntos: este \u00e9 um trecho da mensagem do Papa Francisco para a 33\u00aa Jornada Mundial da Juventude, a ser celebrada em n\u00edvel diocesano no Domingo de Ramos, 25 de mar\u00e7o.<\/p>\n<p>O texto do Pont\u00edfice foi divulgado nesta quinta-feira, com o t\u00edtulo \u201cMaria, n\u00e3o temas, pois achaste gra\u00e7a diante de Deus\u201d (Lc 1, 30).<\/p>\n<p>\u201cQueridos jovens, n\u00e3o deixem que os fulgores da juventude se apaguem na escurid\u00e3o duma sala fechada, onde a \u00fanica janela para olhar o mundo seja a do computador e do smartphone.\u201d Francisco se dirige aos jovens com o olhar voltado j\u00e1 para o Panam\u00e1, onde em janeiro de 2019 se realizar\u00e1 mais uma edi\u00e7\u00e3o da JMJ, mas tamb\u00e9m para a Assembl\u00e9ia Ordin\u00e1ria do S\u00ednodo dos Bispos dedicada justamente \u00e0 juventude em outubro pr\u00f3ximo.<\/p>\n<p><b>Nada de \u201cphotosop\u201d<\/b><br \/>\nEntrando em sintonia com os jovens, Francisco afirma que nesta fase da vida \u00e9 normal sentir medo: medo de n\u00e3o ser amados por aquilo que se \u00e9; medo de n\u00e3o conseguir um trabalho e n\u00e3o ver os pr\u00f3prios sonhos se realizarem. Neste horizonte, na tentativa de se adequar a padr\u00f5es frequentemente artificiais e inalcan\u00e7\u00e1veis, muitos jovens fazem \u2018photoshop\u2019 da pr\u00f3pria imagem, \u201cescondendo-se por tr\u00e1s de m\u00e1scaras e identidades falsas, at\u00e9 chegarem a se tornar quase eles mesmos um \u00abfake\u00bb, um falso\u201d.<br \/>\nSedentos de \u201clikes\u201d digitais, o Papa pede que deem \u201cum nome\u201d aos medos, sobretudo atrav\u00e9s do discernimento. O modelo \u00e9 Maria \u2013 que inspira esta JMJ \u2013, pois n\u00e3o teve medo de escancarar a porta ao Outro.<\/p>\n<p><b>Atr\u00e1s de um nome h\u00e1 uma identidade<\/b><br \/>\nUm dos motivos para n\u00e3o temer, escreve ainda Francisco, \u201c\u00e9 justamente o fato que Deus nos chama por nome\u201d. \u201cEnquanto pessoal e \u00fanica, a chamada divina exige a coragem de nos desvincularmos da press\u00e3o homogeneizadora dos lugares-comuns, para que a nossa vida seja verdadeiramente um dom original e irrepet\u00edvel para Deus, para a Igreja e para os outros.\u201d<br \/>\nA gra\u00e7a de Deus n\u00e3o requer um \u00abcurr\u00edculo excelente\u00bb<\/p>\n<p>A \u201cgra\u00e7a\u201d divina n\u00e3o \u00e9 algo \u201cpassageiro ou moment\u00e2neo\u201d, \u00e9 \u201ccontinuativa\u201d, nos \u201cfala de amor gratuito, n\u00e3o devido\u201d e isso pode ser motivo de conforto para todos os jovens, porque n\u00e3o precisam merecer a proximidade e a ajuda de Deus, apresentando antecipadamente um \u00abcurr\u00edculo excelente\u00bb, cheio de m\u00e9ritos e sucessos!\u201d. \u201cO desconhecido que o amanh\u00e3 nos reserva n\u00e3o \u00e9 uma amea\u00e7a obscura a que devemos sobreviver, mas um tempo favor\u00e1vel que nos \u00e9 dado para viver a unicidade da nossa voca\u00e7\u00e3o.<\/p>\n<p><b>A JMJ \u00e9 para os corajosos<\/b><br \/>\nCom palavras de conforto e repletas de afeto, o Papa Francisco encoraja os jovens a seres audazes, a se abrirem \u00e0 gra\u00e7a de Deus, onde \u201co imposs\u00edvel se tornar realidade\u201d. Reiterando a pr\u00f3pria confian\u00e7a na juventude, o Pont\u00edfice exorta todos a usarem as pr\u00f3prias energias \u201cpara melhorar o mundo\u201d, come\u00e7ando pelas realidades mais pr\u00f3ximas.<\/p>\n<p>\u201cDesejo que na Igreja lhes sejam confiadas responsabilidades importantes, insiste o Papa \u2013 que se tenha a coragem de lhes deixar espa\u00e7o; e voc\u00eas, se preparam para assumir estas responsabilidades.<br \/>\n\u201cA JMJ \u00e9 para os corajosos!\u201d, conclui Francisco. Como disse o Padre Jo\u00e3o Chagas, respons\u00e1vel por organizar no Vaticano a Jornada, n\u00e3o se trata de turismo ou de passeio, se trata de peregrina\u00e7\u00e3o, de tirar as sand\u00e1lias. N\u00e3o \u00e9 para jovens que procuram apenas comodidade. Voc\u00eas, jovens, aceitam o desafio?(Vatican News)<\/p>\n<p>Por Bianca Fraccalvieri<\/p>\n<\/div>\n","protected":false},"excerpt":{"rendered":"<p>O caminho rumo \u00e0 JMJ do Panam\u00e1 deve ser de prepara\u00e7\u00e3o, para que os jovens assumam suas responsabilidades na Igreja: \u00e9 o convite de Francisco contido na mensagem para JMJ deste ano. Na vida jamais devemos perder o prazer de sonhar juntos: este \u00e9 um trecho da mensagem do Papa Francisco para a 33\u00aa Jornada&nbsp;<\/p>\n<p><a class=\"btn btn-style\" href=\"http:\/\/portalcatolico.net\/portal\/editorial-e-tempo-de-os-jovens-assumirem-sua-responsabilidade-na-igreja\/\">Continue Reading<\/a><\/p>\n","protected":false},"author":2,"featured_media":51512,"comment_status":"open","ping_status":"open","sticky":false,"template":"","format":"standard","meta":{"footnotes":""},"categories":[5],"tags":[],"class_list":["post-51511","post","type-post","status-publish","format-standard","has-post-thumbnail","hentry","category-igreja_no_mundo"],"_links":{"self":[{"href":"http:\/\/portalcatolico.net\/portal\/wp-json\/wp\/v2\/posts\/51511","targetHints":{"allow":["GET"]}}],"collection":[{"href":"http:\/\/portalcatolico.net\/portal\/wp-json\/wp\/v2\/posts"}],"about":[{"href":"http:\/\/portalcatolico.net\/portal\/wp-json\/wp\/v2\/types\/post"}],"author":[{"embeddable":true,"href":"http:\/\/portalcatolico.net\/portal\/wp-json\/wp\/v2\/users\/2"}],"replies":[{"embeddable":true,"href":"http:\/\/portalcatolico.net\/portal\/wp-json\/wp\/v2\/comments?post=51511"}],"version-history":[{"count":1,"href":"http:\/\/portalcatolico.net\/portal\/wp-json\/wp\/v2\/posts\/51511\/revisions"}],"predecessor-version":[{"id":51513,"href":"http:\/\/portalcatolico.net\/portal\/wp-json\/wp\/v2\/posts\/51511\/revisions\/51513"}],"wp:featuredmedia":[{"embeddable":true,"href":"http:\/\/portalcatolico.net\/portal\/wp-json\/wp\/v2\/media\/51512"}],"wp:attachment":[{"href":"http:\/\/portalcatolico.net\/portal\/wp-json\/wp\/v2\/media?parent=51511"}],"wp:term":[{"taxonomy":"category","embeddable":true,"href":"http:\/\/portalcatolico.net\/portal\/wp-json\/wp\/v2\/categories?post=51511"},{"taxonomy":"post_tag","embeddable":true,"href":"http:\/\/portalcatolico.net\/portal\/wp-json\/wp\/v2\/tags?post=51511"}],"curies":[{"name":"wp","href":"https:\/\/api.w.org\/{rel}","templated":true}]}}