{"id":51504,"date":"2018-02-25T14:51:40","date_gmt":"2018-02-25T17:51:40","guid":{"rendered":"http:\/\/portalcatolico.net\/portal\/?p=51504"},"modified":"2018-02-25T14:51:40","modified_gmt":"2018-02-25T17:51:40","slug":"estudo-sobre-a-campanha-da-fraternidade-2018","status":"publish","type":"post","link":"http:\/\/portalcatolico.net\/portal\/estudo-sobre-a-campanha-da-fraternidade-2018\/","title":{"rendered":"Estudo sobre \u00e1 Campanha da Fraternidade 2018"},"content":{"rendered":"<p style=\"font-weight: 400;\">No \u00faltimo dia 23 de Fevereiro \u00e1s 20h, logo ap\u00f3s a celebra\u00e7\u00e3o da palavra presidida pelo Di\u00e1cono Trajano Ribeiro, na Par\u00f3quia Nossa senhora de F\u00e1tima foi explano da Campanha da Fraternidade 2018 pelo paroquiano Isralso J\u00fanior Fraternidade e Supera\u00e7\u00e3o da Viol\u00eancia \u201cVos sois todos irm\u00e3os\u201d (MT 23,8)<\/p>\n<p style=\"font-weight: 400;\">Anunciar a Boa Nova da fraternidade e da paz, estimulando a\u00e7\u00f5es concretas que expressem a convers\u00e3o e a reconcilia\u00e7\u00e3o no esp\u00edrito quaresmal a todas as pessoas e levando elas\u00a0a analisar as m\u00faltiplas formas de viol\u00eancia, considerando suas causas e consequ\u00eancias na sociedade brasileira, especialmente as provocadas pelo tr\u00e1fico de drogas, viol\u00eancia verbal etc. precisamos identificar o alcance da viol\u00eancia nas realidades urbana e rural, muitas vezes em nossa vizinhan\u00e7a ou dentro de casa e pelas redes s\u00f3cias, propondo caminhos de supera\u00e7\u00e3o a partir do di\u00e1logo, da miseric\u00f3rdia e da justi\u00e7a em sintonia com o Ensino Social da Igreja que nos leva a\u00a0valorizar a fam\u00edlia e a escola como espa\u00e7os de conviv\u00eancia fraterna, de educa\u00e7\u00e3o para a paz e de testemunho do amor e do perd\u00e3o, v\u00e1rias vezes ao dia somos indelicados com o nosso pr\u00f3ximo e o orgulho nos impedem de reconciliar com o irm\u00e3o.<\/p>\n<p style=\"font-weight: 400;\">\nTemos que estar atentos para identificar, acompanhar e reivindicar pol\u00edticas p\u00fablicas de supera\u00e7\u00e3o da desigualdade social e da viol\u00eancia em nossa sociedade, estimular as comunidades crist\u00e3s, pastorais, associa\u00e7\u00f5es religiosas e movimentos eclesiais ao compromisso com a\u00e7\u00f5es que levem \u00e0 supera\u00e7\u00e3o da viol\u00eancia, apoiar os centros de direitos humanos, comiss\u00f5es de justi\u00e7a e paz, conselhos parit\u00e1rios de direitos e organiza\u00e7\u00f5es da sociedade civil que trabalham para a supera\u00e7\u00e3o da viol\u00eancia em nosso pa\u00eds.<\/p>\n<p><strong>TEXTO E FOTO:TIAGO SOUZA\u00a0<\/strong><strong>SANTOS,\u00a0<\/strong><strong>JORNALISTA E TE\u00d3LOGO\u00a0<\/strong><\/p>\n","protected":false},"excerpt":{"rendered":"<p>No \u00faltimo dia 23 de Fevereiro \u00e1s 20h, logo ap\u00f3s a celebra\u00e7\u00e3o da palavra presidida pelo Di\u00e1cono Trajano Ribeiro, na Par\u00f3quia Nossa senhora de F\u00e1tima foi explano da Campanha da Fraternidade 2018 pelo paroquiano Isralso J\u00fanior Fraternidade e Supera\u00e7\u00e3o da Viol\u00eancia \u201cVos sois todos irm\u00e3os\u201d (MT 23,8) Anunciar a Boa Nova da fraternidade e da&nbsp;<\/p>\n<p><a class=\"btn btn-style\" href=\"http:\/\/portalcatolico.net\/portal\/estudo-sobre-a-campanha-da-fraternidade-2018\/\">Continue Reading<\/a><\/p>\n","protected":false},"author":2,"featured_media":51505,"comment_status":"open","ping_status":"open","sticky":false,"template":"","format":"standard","meta":{"footnotes":""},"categories":[69],"tags":[],"class_list":["post-51504","post","type-post","status-publish","format-standard","has-post-thumbnail","hentry","category-artigos"],"_links":{"self":[{"href":"http:\/\/portalcatolico.net\/portal\/wp-json\/wp\/v2\/posts\/51504","targetHints":{"allow":["GET"]}}],"collection":[{"href":"http:\/\/portalcatolico.net\/portal\/wp-json\/wp\/v2\/posts"}],"about":[{"href":"http:\/\/portalcatolico.net\/portal\/wp-json\/wp\/v2\/types\/post"}],"author":[{"embeddable":true,"href":"http:\/\/portalcatolico.net\/portal\/wp-json\/wp\/v2\/users\/2"}],"replies":[{"embeddable":true,"href":"http:\/\/portalcatolico.net\/portal\/wp-json\/wp\/v2\/comments?post=51504"}],"version-history":[{"count":1,"href":"http:\/\/portalcatolico.net\/portal\/wp-json\/wp\/v2\/posts\/51504\/revisions"}],"predecessor-version":[{"id":51506,"href":"http:\/\/portalcatolico.net\/portal\/wp-json\/wp\/v2\/posts\/51504\/revisions\/51506"}],"wp:featuredmedia":[{"embeddable":true,"href":"http:\/\/portalcatolico.net\/portal\/wp-json\/wp\/v2\/media\/51505"}],"wp:attachment":[{"href":"http:\/\/portalcatolico.net\/portal\/wp-json\/wp\/v2\/media?parent=51504"}],"wp:term":[{"taxonomy":"category","embeddable":true,"href":"http:\/\/portalcatolico.net\/portal\/wp-json\/wp\/v2\/categories?post=51504"},{"taxonomy":"post_tag","embeddable":true,"href":"http:\/\/portalcatolico.net\/portal\/wp-json\/wp\/v2\/tags?post=51504"}],"curies":[{"name":"wp","href":"https:\/\/api.w.org\/{rel}","templated":true}]}}