{"id":51499,"date":"2018-02-24T22:04:37","date_gmt":"2018-02-25T01:04:37","guid":{"rendered":"http:\/\/portalcatolico.net\/portal\/?p=51499"},"modified":"2018-02-24T22:05:45","modified_gmt":"2018-02-25T01:05:45","slug":"casal-itabunense-celebra-bodas-de-ouro-na-catedral-de-sao-jose","status":"publish","type":"post","link":"http:\/\/portalcatolico.net\/portal\/casal-itabunense-celebra-bodas-de-ouro-na-catedral-de-sao-jose\/","title":{"rendered":"Casal itabunense celebra Bodas de Ouro na Catedral de S\u00e3o Jos\u00e9"},"content":{"rendered":"<p class=\"m_-6827492191758399400xgmail-msonospacing\"><em>Hoje\u00a0foi uma grande festa para os amigos e familiares do casal Ant\u00f4nio Gomes e Marilda Gancio que comemoraram 50 anos de casamento com uma Celebra\u00e7\u00e3o Eucar\u00edstica presidida pelo padre Gilvan Oliveira na Par\u00f3quia S\u00e3o Jos\u00e9 em Itabuna (BA).<u><\/u><u><\/u><\/em><\/p>\n<p class=\"m_-6827492191758399400xgmail-msonospacing\"><em>A santa missa teve in\u00edcio \u00e0s 18h e no primeiro momento aconteceu a cerim\u00f4nia de renova\u00e7\u00e3o e as b\u00ean\u00e7\u00e3os das alian\u00e7as.<\/em><i><u><\/u><u><\/u><\/i><\/p>\n<p class=\"m_-6827492191758399400xgmail-msonospacing\">Estiveram presentes os filhos, netos, bisnetos,\u00a0<em>noras\u00a0<\/em>e genros. A ocasi\u00e3o, claro, era muito especial, afinal, n\u00e3o \u00e9 qualquer casal que completa meia d\u00e9cada vivendo em uni\u00e3o, com muito amor e companheirismo.<u><\/u><u><\/u><\/p>\n<p class=\"m_-6827492191758399400xgmail-msonospacing\"><em>Gomes e Mara, como s\u00e3o carinhosamente chamados, s\u00e3o membros da Pastoral Familiar, e do Encontro de Casais com Cristo da Par\u00f3quia Catedral de S\u00e3o Jos\u00e9. Gomes \u00e9 membro do Ter\u00e7o dos Homens e\u00a0\u00a0Mara faz parte das Irm\u00e3s Auxiliadoras no Hospital do Manoel Novaes.<\/em><i><u><\/u><u><\/u><\/i><\/p>\n<p class=\"m_-6827492191758399400xgmail-msonospacing\"><em>Emocionada,\u00a0\u00a0Mara declarou: \u201c\u00c9 poss\u00edvel sim, em pleno s\u00e9culo 21, comemorar 50 anos de casamento bem vivido. \u00c9 poss\u00edvel sim, com ora\u00e7\u00e3o! Sem ora\u00e7\u00e3o, n\u00e3o vamos para lugar algum.<\/em><u><\/u><u><\/u><\/p>\n<p class=\"m_-6827492191758399400xgmail-msonospacing\"><em>Todos os dias estamos com\u00a0\u00a0ter\u00e7o\u00a0\u00a0na m\u00e3o rezando e pedido a prote\u00e7\u00e3o de Nossa Senhora intercedo pelo filho Jesus em nossa caminhada ,na caminhada com nosso filhos e netos.\u201d<\/em><\/p>\n<p class=\"m_-6827492191758399400xgmail-msonospacing\"><img loading=\"lazy\" decoding=\"async\" class=\"alignnone size-medium wp-image-51501\" src=\"http:\/\/portalcatolico.net\/portal\/wp-content\/uploads\/2018\/02\/DSCN8377-300x225.jpg\" alt=\"DSCN8377\" width=\"300\" height=\"225\" srcset=\"http:\/\/portalcatolico.net\/portal\/wp-content\/uploads\/2018\/02\/DSCN8377-300x225.jpg 300w, http:\/\/portalcatolico.net\/portal\/wp-content\/uploads\/2018\/02\/DSCN8377.jpg 640w\" sizes=\"auto, (max-width: 300px) 100vw, 300px\" \/> <img loading=\"lazy\" decoding=\"async\" class=\"alignnone size-medium wp-image-51502\" src=\"http:\/\/portalcatolico.net\/portal\/wp-content\/uploads\/2018\/02\/DSCN8380-300x225.jpg\" alt=\"DSCN8380\" width=\"300\" height=\"225\" srcset=\"http:\/\/portalcatolico.net\/portal\/wp-content\/uploads\/2018\/02\/DSCN8380-300x225.jpg 300w, http:\/\/portalcatolico.net\/portal\/wp-content\/uploads\/2018\/02\/DSCN8380.jpg 640w\" sizes=\"auto, (max-width: 300px) 100vw, 300px\" \/><\/p>\n","protected":false},"excerpt":{"rendered":"<p>Hoje\u00a0foi uma grande festa para os amigos e familiares do casal Ant\u00f4nio Gomes e Marilda Gancio que comemoraram 50 anos de casamento com uma Celebra\u00e7\u00e3o Eucar\u00edstica presidida pelo padre Gilvan Oliveira na Par\u00f3quia S\u00e3o Jos\u00e9 em Itabuna (BA). A santa missa teve in\u00edcio \u00e0s 18h e no primeiro momento aconteceu a cerim\u00f4nia de renova\u00e7\u00e3o e&nbsp;<\/p>\n<p><a class=\"btn btn-style\" href=\"http:\/\/portalcatolico.net\/portal\/casal-itabunense-celebra-bodas-de-ouro-na-catedral-de-sao-jose\/\">Continue Reading<\/a><\/p>\n","protected":false},"author":2,"featured_media":51500,"comment_status":"open","ping_status":"open","sticky":false,"template":"","format":"standard","meta":{"footnotes":""},"categories":[65],"tags":[],"class_list":["post-51499","post","type-post","status-publish","format-standard","has-post-thumbnail","hentry","category-entrevistas"],"_links":{"self":[{"href":"http:\/\/portalcatolico.net\/portal\/wp-json\/wp\/v2\/posts\/51499","targetHints":{"allow":["GET"]}}],"collection":[{"href":"http:\/\/portalcatolico.net\/portal\/wp-json\/wp\/v2\/posts"}],"about":[{"href":"http:\/\/portalcatolico.net\/portal\/wp-json\/wp\/v2\/types\/post"}],"author":[{"embeddable":true,"href":"http:\/\/portalcatolico.net\/portal\/wp-json\/wp\/v2\/users\/2"}],"replies":[{"embeddable":true,"href":"http:\/\/portalcatolico.net\/portal\/wp-json\/wp\/v2\/comments?post=51499"}],"version-history":[{"count":1,"href":"http:\/\/portalcatolico.net\/portal\/wp-json\/wp\/v2\/posts\/51499\/revisions"}],"predecessor-version":[{"id":51503,"href":"http:\/\/portalcatolico.net\/portal\/wp-json\/wp\/v2\/posts\/51499\/revisions\/51503"}],"wp:featuredmedia":[{"embeddable":true,"href":"http:\/\/portalcatolico.net\/portal\/wp-json\/wp\/v2\/media\/51500"}],"wp:attachment":[{"href":"http:\/\/portalcatolico.net\/portal\/wp-json\/wp\/v2\/media?parent=51499"}],"wp:term":[{"taxonomy":"category","embeddable":true,"href":"http:\/\/portalcatolico.net\/portal\/wp-json\/wp\/v2\/categories?post=51499"},{"taxonomy":"post_tag","embeddable":true,"href":"http:\/\/portalcatolico.net\/portal\/wp-json\/wp\/v2\/tags?post=51499"}],"curies":[{"name":"wp","href":"https:\/\/api.w.org\/{rel}","templated":true}]}}