{"id":51488,"date":"2018-02-24T15:09:22","date_gmt":"2018-02-24T18:09:22","guid":{"rendered":"http:\/\/portalcatolico.net\/portal\/?p=51488"},"modified":"2018-02-24T15:09:22","modified_gmt":"2018-02-24T18:09:22","slug":"diocese-de-itabuna-reabre-o-seminario-propedeutico","status":"publish","type":"post","link":"http:\/\/portalcatolico.net\/portal\/diocese-de-itabuna-reabre-o-seminario-propedeutico\/","title":{"rendered":"Diocese de Itabuna reabre o Semin\u00e1rio Proped\u00eautico"},"content":{"rendered":"<p class=\"m_5260736752786481639xgmail-msonospacing\"><em>O\u00a0Semin\u00e1rio Proped\u00eautico da Diocese de Itabuna\u00a0ser\u00e1 reaberto, com uma missa solene no dia 27 de fevereiro, \u00e0s 19h e dar\u00e1 inicio ao processo de forma\u00e7\u00e3o e estudos dos novos seminaristas.<u><\/u><u><\/u><\/em><\/p>\n<p class=\"m_5260736752786481639xgmail-msonospacing\"><em>\u00a0A santa missa\u00a0\u00a0ser\u00e1 presidida pelo bispo da Diocese de Itabuna, Dom Carlos Alberto dos Santos.<u><\/u><u><\/u><\/em><\/p>\n<p class=\"m_5260736752786481639xgmail-msonospacing\"><em>Na oportunidade, Ser\u00e3o apresentados os novos seminaristas e a nova equipe dirigente.<\/em><u><\/u><u><\/u><\/p>\n<p class=\"m_5260736752786481639xgmail-msonospacing\"><em>O Semin\u00e1rio fica situado no bairro Vila Zara, em Itabuna (BA), pr\u00f3ximo \u00e0 quadra de esportes.<\/em><u><\/u><u><\/u><\/p>\n<p class=\"m_5260736752786481639xgmail-msonospacing\"><em>Participe!<\/em><\/p>\n","protected":false},"excerpt":{"rendered":"<p>O\u00a0Semin\u00e1rio Proped\u00eautico da Diocese de Itabuna\u00a0ser\u00e1 reaberto, com uma missa solene no dia 27 de fevereiro, \u00e0s 19h e dar\u00e1 inicio ao processo de forma\u00e7\u00e3o e estudos dos novos seminaristas. \u00a0A santa missa\u00a0\u00a0ser\u00e1 presidida pelo bispo da Diocese de Itabuna, Dom Carlos Alberto dos Santos. Na oportunidade, Ser\u00e3o apresentados os novos seminaristas e a nova&nbsp;<\/p>\n<p><a class=\"btn btn-style\" href=\"http:\/\/portalcatolico.net\/portal\/diocese-de-itabuna-reabre-o-seminario-propedeutico\/\">Continue Reading<\/a><\/p>\n","protected":false},"author":2,"featured_media":51489,"comment_status":"open","ping_status":"open","sticky":false,"template":"","format":"standard","meta":{"footnotes":""},"categories":[1],"tags":[],"class_list":["post-51488","post","type-post","status-publish","format-standard","has-post-thumbnail","hentry","category-agenda"],"_links":{"self":[{"href":"http:\/\/portalcatolico.net\/portal\/wp-json\/wp\/v2\/posts\/51488","targetHints":{"allow":["GET"]}}],"collection":[{"href":"http:\/\/portalcatolico.net\/portal\/wp-json\/wp\/v2\/posts"}],"about":[{"href":"http:\/\/portalcatolico.net\/portal\/wp-json\/wp\/v2\/types\/post"}],"author":[{"embeddable":true,"href":"http:\/\/portalcatolico.net\/portal\/wp-json\/wp\/v2\/users\/2"}],"replies":[{"embeddable":true,"href":"http:\/\/portalcatolico.net\/portal\/wp-json\/wp\/v2\/comments?post=51488"}],"version-history":[{"count":1,"href":"http:\/\/portalcatolico.net\/portal\/wp-json\/wp\/v2\/posts\/51488\/revisions"}],"predecessor-version":[{"id":51490,"href":"http:\/\/portalcatolico.net\/portal\/wp-json\/wp\/v2\/posts\/51488\/revisions\/51490"}],"wp:featuredmedia":[{"embeddable":true,"href":"http:\/\/portalcatolico.net\/portal\/wp-json\/wp\/v2\/media\/51489"}],"wp:attachment":[{"href":"http:\/\/portalcatolico.net\/portal\/wp-json\/wp\/v2\/media?parent=51488"}],"wp:term":[{"taxonomy":"category","embeddable":true,"href":"http:\/\/portalcatolico.net\/portal\/wp-json\/wp\/v2\/categories?post=51488"},{"taxonomy":"post_tag","embeddable":true,"href":"http:\/\/portalcatolico.net\/portal\/wp-json\/wp\/v2\/tags?post=51488"}],"curies":[{"name":"wp","href":"https:\/\/api.w.org\/{rel}","templated":true}]}}