{"id":51485,"date":"2018-02-24T11:53:35","date_gmt":"2018-02-24T14:53:35","guid":{"rendered":"http:\/\/portalcatolico.net\/portal\/?p=51485"},"modified":"2018-02-24T11:53:35","modified_gmt":"2018-02-24T14:53:35","slug":"bispo-convida-sociedade-para-reuniao-sobre-caminhada-pela-paz","status":"publish","type":"post","link":"http:\/\/portalcatolico.net\/portal\/bispo-convida-sociedade-para-reuniao-sobre-caminhada-pela-paz\/","title":{"rendered":"Bispo Convida Sociedade Para Reuni\u00e3o Sobre Caminhada Pela Paz"},"content":{"rendered":"<p>O bispo da Diocese Teixeira de Freitas\/ Caravelas, Dom Jailton de Oliveira Lino, e todo o clero, convidam a sociedade teixeirense para uma reuni\u00e3o no pr\u00f3ximo dia 27 de fevereiro, ter\u00e7a-feira, \u00e0s 14 horas, no Sal\u00e3o Paroquial da S\u00e3o Pedro, para falar sobre o desejo de promover uma Caminhada pela Paz na cidade. O sal\u00e3o fica localizado na Pra\u00e7a Castro Alves, 128, Centro de Teixeira.<\/p>\n<p>O convite para a reuni\u00e3o\u00a0engloba todas as fam\u00edlias, representantes de diversos segmentos sociais, autoridades civis e representantes de outras denomina\u00e7\u00f5es religiosas, para que, juntos, possam debater sobre a\u00e7\u00f5es necess\u00e1rias para promover a paz em nossa cidade.<\/p>\n<p><strong>Leia aqui o convite feito por Dom Jailton<\/strong>.<\/p>\n<p>Essa ideia nasceu com o tema da Campanha da Fraternidade da Igreja Cat\u00f3lica deste ano, \u201cFraternidade e supera\u00e7\u00e3o da viol\u00eancia\u201d, e o lema que lembra nossa uni\u00e3o pela passagem: \u201cV\u00f3s sois todos irm\u00e3os\u201d (Mt 23: 8).\u00a0No convite, o bispo cita uma frase de Madre Tereza de Calcut\u00e1: \u201cO que eu fa\u00e7o \u00e9 uma gota no meio do oceano. Mas, sem ela, o oceano seria menor\u201d; ressaltando que uma Caminhada \u00e9 apenas o come\u00e7o para promover a paz em nossa sociedade.<br \/>\nConversamos com representa\u00e7\u00f5es religiosas, sociais e policiais que se animaram com a proposta da Caminhada. O pastor Oseias Silva dos Santos, titular da Primeira Igreja Batista de Teixeira de Freitas, confirmou sua presen\u00e7a na reuni\u00e3o e disse ficar feliz com esse tipo de di\u00e1logo com a sociedade, mostrando estar disposto a participar dessa e de outras a\u00e7\u00f5es ecum\u00eanicas em prol da paz.<\/p>\n<p>O pastor Oseias disse ainda que \u201ca unidade religiosa em uma cidade pode ajudar muito a diminuir o \u00edndice de viol\u00eancia, porque a pr\u00f3pria unidade religiosa pode ser um modelo, um exemplo de pessoas diferentes que, no lugar de serem violentas umas com as outras, se unem em torno de um bem comum\u201d. Ele ainda disse que toda a Igreja Batista apoia esse tipo de iniciativa e est\u00e3o abertos ao di\u00e1logo para o bem da cidade.<\/p>\n<p>Breno Rebou\u00e7as, coordenador do Projeto Amar, que auxilia pessoas em situa\u00e7\u00e3o de extrema pobreza em nossa sociedade, disse que o grupo apoia a a\u00e7\u00e3o social, mesmo sendo um grupo com pessoas de religi\u00f5es distintas. Breno ainda destacou que a reuni\u00e3o ser\u00e1 muito pertinente, pois \u201c\u00e9 preciso estudar o foco da viol\u00eancia, que pode vim de uma desestrutura\u00e7\u00e3o familiar, problemas psicol\u00f3gicos, v\u00edcios, dentre outras causas. Ou seja, faz-se necess\u00e1ria uma corrente, uma uni\u00e3o duradoura, n\u00e3o s\u00f3 no per\u00edodo da Campanha, como em todos os outros momentos, para se alcan\u00e7ar resultados positivos no combate \u00e0 viol\u00eancia\u201d, disse, apoiando a Igreja na busca pela paz.<\/p>\n<p>A equipe de comunica\u00e7\u00e3o diocesana, ainda conversou com representa\u00e7\u00f5es policiais da cidade, que lidam diariamente com a promo\u00e7\u00e3o da paz, e o Major Magalh\u00e3es, que est\u00e1 na dire\u00e7\u00e3o do Col\u00e9gio da Pol\u00edcia Militar de Teixeira de Freitas, parabenizou esse tipo de iniciativa e disse que a cidade precisa de mais a\u00e7\u00f5es desse modelo. Ele ainda disse que o CPM participa de a\u00e7\u00f5es como essa, e apoia a causa pelo fim da viol\u00eancia.<\/p>\n<p>Alex Fernandes, coordenador da ONG Paspas, que promove cursos e outras a\u00e7\u00f5es para constru\u00e7\u00e3o da dignidade humana em bairros perif\u00e9ricos de Teixeira, falou que a ONG estar\u00e1 presente na reuni\u00e3o e que caminhadas como essa s\u00e3o necess\u00e1rias, pois \u201cse ficarmos omissos o mal crescer\u00e1 feito erva daninha\u201d, disse, sendo que, para ele, a paz est\u00e1 bastante abalada por conta da muta\u00e7\u00e3o dos valores familiares.<\/p>\n<p>Texto: PASCOM-Diocese de Teixeira de Freitas\/Caravelas<\/p>\n","protected":false},"excerpt":{"rendered":"<p>O bispo da Diocese Teixeira de Freitas\/ Caravelas, Dom Jailton de Oliveira Lino, e todo o clero, convidam a sociedade teixeirense para uma reuni\u00e3o no pr\u00f3ximo dia 27 de fevereiro, ter\u00e7a-feira, \u00e0s 14 horas, no Sal\u00e3o Paroquial da S\u00e3o Pedro, para falar sobre o desejo de promover uma Caminhada pela Paz na cidade. O sal\u00e3o&nbsp;<\/p>\n<p><a class=\"btn btn-style\" href=\"http:\/\/portalcatolico.net\/portal\/bispo-convida-sociedade-para-reuniao-sobre-caminhada-pela-paz\/\">Continue Reading<\/a><\/p>\n","protected":false},"author":2,"featured_media":51486,"comment_status":"open","ping_status":"open","sticky":false,"template":"","format":"standard","meta":{"footnotes":""},"categories":[3],"tags":[],"class_list":["post-51485","post","type-post","status-publish","format-standard","has-post-thumbnail","hentry","category-noticias_regionais"],"_links":{"self":[{"href":"http:\/\/portalcatolico.net\/portal\/wp-json\/wp\/v2\/posts\/51485","targetHints":{"allow":["GET"]}}],"collection":[{"href":"http:\/\/portalcatolico.net\/portal\/wp-json\/wp\/v2\/posts"}],"about":[{"href":"http:\/\/portalcatolico.net\/portal\/wp-json\/wp\/v2\/types\/post"}],"author":[{"embeddable":true,"href":"http:\/\/portalcatolico.net\/portal\/wp-json\/wp\/v2\/users\/2"}],"replies":[{"embeddable":true,"href":"http:\/\/portalcatolico.net\/portal\/wp-json\/wp\/v2\/comments?post=51485"}],"version-history":[{"count":1,"href":"http:\/\/portalcatolico.net\/portal\/wp-json\/wp\/v2\/posts\/51485\/revisions"}],"predecessor-version":[{"id":51487,"href":"http:\/\/portalcatolico.net\/portal\/wp-json\/wp\/v2\/posts\/51485\/revisions\/51487"}],"wp:featuredmedia":[{"embeddable":true,"href":"http:\/\/portalcatolico.net\/portal\/wp-json\/wp\/v2\/media\/51486"}],"wp:attachment":[{"href":"http:\/\/portalcatolico.net\/portal\/wp-json\/wp\/v2\/media?parent=51485"}],"wp:term":[{"taxonomy":"category","embeddable":true,"href":"http:\/\/portalcatolico.net\/portal\/wp-json\/wp\/v2\/categories?post=51485"},{"taxonomy":"post_tag","embeddable":true,"href":"http:\/\/portalcatolico.net\/portal\/wp-json\/wp\/v2\/tags?post=51485"}],"curies":[{"name":"wp","href":"https:\/\/api.w.org\/{rel}","templated":true}]}}