{"id":51482,"date":"2018-02-23T20:05:34","date_gmt":"2018-02-23T23:05:34","guid":{"rendered":"http:\/\/portalcatolico.net\/portal\/?p=51482"},"modified":"2018-02-23T20:05:34","modified_gmt":"2018-02-23T23:05:34","slug":"a-importancia-de-resgatar-a-arte-sacra-destruida-pelo-terremoto-no-mexico","status":"publish","type":"post","link":"http:\/\/portalcatolico.net\/portal\/a-importancia-de-resgatar-a-arte-sacra-destruida-pelo-terremoto-no-mexico\/","title":{"rendered":"A import\u00e2ncia de resgatar a Arte Sacra destru\u00edda pelo terremoto no M\u00e9xico"},"content":{"rendered":"<p>Por ocasi\u00e3o da festividade do pintor italiano e Beato Fra Ang\u00e9lico, padroeiro dos artistas -que ocorre no dia 18 de fevereiro- a Comiss\u00e3o de Arte Sacra da Arquidiocese Primaz do M\u00e9xico organizou uma celebra\u00e7\u00e3o Eucar\u00edstica na Catedral Metropolitana com a presen\u00e7a de artistas de diversas especialidades e arquitetos. A Missa foi presidida pelo Padre Armando Ruiz, especialista em arte sacra.<\/p>\n<p>Durante a homilia, o sacerdote -que \u00e9 mencionado em nota emitida pelo Sistema Informativo da Arquidiocese do M\u00e9xico (SIAME) -recordou algumas reflex\u00f5es do Papa Francisco durante sua visita ao M\u00e9xico em fevereiro de 2016: &#8220;O Papa (&#8230;) nos fez refletir que devemos construir, conservar, restaurar e, durante a Quaresma, tamb\u00e9m se referiu \u00e0 terra que sofre pelos desperd\u00edcios que lan\u00e7amos sobre ela e as montanhas de lixo que a alteram&#8221;.<\/p>\n<p>Ao finalizar a Missa, v\u00e1rios dos artistas e arquitetos participantes falaram sobre a import\u00e2ncia de resgatar a Arte Sacra, sobretudo ap\u00f3s os terremotos que no \u00faltimo ano afetaram mais de dois mil templos em todo o M\u00e9xico.<\/p>\n<p>&#8220;\u00c9 responsabilidade de cada mexicano e de cada crist\u00e3o, e tamb\u00e9m das autoridades, cuidar da heran\u00e7a que nos foi deixada e, sobretudo, com os valores da est\u00e9tica, da arte e da funcionalidade lit\u00fargica que possuem&#8221;, assinalou o historiador Jean Mayer.<\/p>\n<p>Algo similar opinou a pintora Carmen Parra, que disse que \u00e9 importante preservar a arte sacra ap\u00f3s os terremotos, pois &#8220;estamos conservando nossa alma, nossa ess\u00eancia&#8221;.<\/p>\n<p>A este respeito, o arquiteto Xavier Cort\u00e9s Rocha, comentou que j\u00e1 as autoridades e v\u00e1rios especialistas est\u00e3o trabalhando, estudando os danos patrimoniais causados pelos terremotos, especialmente em algumas igrejas hist\u00f3ricas que foram muito afetadas.<\/p>\n<p>Um tema do qual aprofundou o Padre Jos\u00e9 de Jes\u00fas Aguilar, Diretor da Comiss\u00e3o de Arte Sacra da Arquidiocese do M\u00e9xico: &#8220;Em nosso caso, nos toca lutar pelos que se encontram na Cidade do M\u00e9xico (&#8230;) n\u00e3o se pode fazer nenhum trabalho at\u00e9 que n\u00e3o haja uma decis\u00e3o final&#8221;.<\/p>\n<p>Comentou que atualmente o processo de recupera\u00e7\u00e3o se encontra em uma primeira etapa, que consiste justamente na avalia\u00e7\u00e3o preliminar dos danos causados. &#8220;A partir do resultado desta avalia\u00e7\u00e3o ser\u00e3o feitos pressupostos e se definir\u00e3o os trabalhos espec\u00edficos de cada lugar&#8221;, assegurou o sacerdote, que tamb\u00e9m assinalou que \u00e9 necess\u00e1rio ser paciente, mas que o importante \u00e9 que se trabalhe.<\/p>\n<p>Disse tamb\u00e9m que os gastos que ser\u00e3o necess\u00e1rios para a recupera\u00e7\u00e3o dos templos vir\u00e3o n\u00e3o apenas da federa\u00e7\u00e3o, mas ser\u00e1 necess\u00e1rio &#8220;convidar os fi\u00e9is, a iniciativa privada e os governos locais para que colaborem&#8221;.<\/p>\n<p>Um dos templos afetados foi precisamente a Catedral Metropolitana do M\u00e9xico, que apresentou danos em seus campan\u00e1rios e as torres sofreram algumas avarias estruturais, que fizeram necess\u00e1rio refor\u00e7\u00e1-las. Tamb\u00e9m se apresentaram diferentes fissuras em pisos e paredes.<\/p>\n<p>De acordo com as Autoridades de Lugares e Monumentos da Secretaria Cultural, a Catedral j\u00e1 foi revisada de maneira minuciosa de acordo com protocolos estabelecidos garantindo a seguran\u00e7a dos fi\u00e9is. (Gaudiumpress)<\/p>\n<p>&nbsp;<\/p>\n","protected":false},"excerpt":{"rendered":"<p>Por ocasi\u00e3o da festividade do pintor italiano e Beato Fra Ang\u00e9lico, padroeiro dos artistas -que ocorre no dia 18 de fevereiro- a Comiss\u00e3o de Arte Sacra da Arquidiocese Primaz do M\u00e9xico organizou uma celebra\u00e7\u00e3o Eucar\u00edstica na Catedral Metropolitana com a presen\u00e7a de artistas de diversas especialidades e arquitetos. A Missa foi presidida pelo Padre Armando&nbsp;<\/p>\n<p><a class=\"btn btn-style\" href=\"http:\/\/portalcatolico.net\/portal\/a-importancia-de-resgatar-a-arte-sacra-destruida-pelo-terremoto-no-mexico\/\">Continue Reading<\/a><\/p>\n","protected":false},"author":2,"featured_media":51483,"comment_status":"open","ping_status":"open","sticky":false,"template":"","format":"standard","meta":{"footnotes":""},"categories":[5],"tags":[],"class_list":["post-51482","post","type-post","status-publish","format-standard","has-post-thumbnail","hentry","category-igreja_no_mundo"],"_links":{"self":[{"href":"http:\/\/portalcatolico.net\/portal\/wp-json\/wp\/v2\/posts\/51482","targetHints":{"allow":["GET"]}}],"collection":[{"href":"http:\/\/portalcatolico.net\/portal\/wp-json\/wp\/v2\/posts"}],"about":[{"href":"http:\/\/portalcatolico.net\/portal\/wp-json\/wp\/v2\/types\/post"}],"author":[{"embeddable":true,"href":"http:\/\/portalcatolico.net\/portal\/wp-json\/wp\/v2\/users\/2"}],"replies":[{"embeddable":true,"href":"http:\/\/portalcatolico.net\/portal\/wp-json\/wp\/v2\/comments?post=51482"}],"version-history":[{"count":1,"href":"http:\/\/portalcatolico.net\/portal\/wp-json\/wp\/v2\/posts\/51482\/revisions"}],"predecessor-version":[{"id":51484,"href":"http:\/\/portalcatolico.net\/portal\/wp-json\/wp\/v2\/posts\/51482\/revisions\/51484"}],"wp:featuredmedia":[{"embeddable":true,"href":"http:\/\/portalcatolico.net\/portal\/wp-json\/wp\/v2\/media\/51483"}],"wp:attachment":[{"href":"http:\/\/portalcatolico.net\/portal\/wp-json\/wp\/v2\/media?parent=51482"}],"wp:term":[{"taxonomy":"category","embeddable":true,"href":"http:\/\/portalcatolico.net\/portal\/wp-json\/wp\/v2\/categories?post=51482"},{"taxonomy":"post_tag","embeddable":true,"href":"http:\/\/portalcatolico.net\/portal\/wp-json\/wp\/v2\/tags?post=51482"}],"curies":[{"name":"wp","href":"https:\/\/api.w.org\/{rel}","templated":true}]}}