{"id":51478,"date":"2018-02-23T19:51:27","date_gmt":"2018-02-23T22:51:27","guid":{"rendered":"http:\/\/portalcatolico.net\/portal\/?p=51478"},"modified":"2018-02-23T19:51:27","modified_gmt":"2018-02-23T22:51:27","slug":"o-que-esta-acontecendo-no-sudao-do-sul-explica-o-comboniano-pe-raimundo-rocha-dos-santos","status":"publish","type":"post","link":"http:\/\/portalcatolico.net\/portal\/o-que-esta-acontecendo-no-sudao-do-sul-explica-o-comboniano-pe-raimundo-rocha-dos-santos\/","title":{"rendered":"O que est\u00e1 acontecendo no Sud\u00e3o do Sul? Explica o comboniano Pe. Raimundo Rocha dos Santos"},"content":{"rendered":"<div class=\"article__subTitle\">O Papa Francisco convocou para esta sexta-feira (23\/02), primeira semana da Quaresma, o Dia de Ora\u00e7\u00e3o e Jejum pela Paz no Sud\u00e3o do Sul e na Rep\u00fablica Democr\u00e1tica do Congo.<\/div>\n<div class=\"title__separator\"><\/div>\n<div class=\"article__text\">\n<p>Realiza-se, nesta sexta-feira (23\/02), o Dia de Ora\u00e7\u00e3o e Jejum pela Paz no Sud\u00e3o do Sul e na Rep\u00fablica Democr\u00e1tica do Congo, convocado pelo Papa Francisco.<\/p>\n<p>O Santo Padre continua pedindo \u00e0 Igreja e pessoas de boa vontade para continuarem rezando pela paz no mundo, incluindo esses dois pa\u00edses africanos.<\/p>\n<p>Para entender melhor esse pedido do Papa Francisco, \u00e9 bom conhecer a realidade, o que est\u00e1 acontecendo no Sud\u00e3o do Sul e na Rep\u00fablica Democr\u00e1tica do Congo.<\/p>\n<p>A esse prop\u00f3sito, n\u00f3s contatamos o mission\u00e1rio comboniano Pe. Raimundo Rocha dos Santos natural de Balsas (MA).<\/p>\n<p>Atualmente, Pe. Raimundo vive em Roma, mas trabalhou v\u00e1rios anos no Sud\u00e3o do Sul.<\/p>\n<p>Segundo o mission\u00e1rio comboniano, estima-se que morreram nos \u00faltimos quatro anos no Sud\u00e3o do Sul de 100 a 150 mil pessoas.<\/p>\n<p>&#8220;Na Rep\u00fablica Democr\u00e1tica do Congo a situa\u00e7\u00e3o n\u00e3o \u00e9 diferente talvez ainda pior, pois a guerra l\u00e1 \u00e9 mais longa e j\u00e1 s\u00e3o mais de 6 milh\u00f5es de mortos, e continua a viol\u00eancia\u201d, disse Pe. Raimundo.<\/p>\n<p>Ou\u00e7a o \u00e1udio do Pe. Raimundo Rocha.<\/p>\n<audio class=\"wp-audio-shortcode\" id=\"audio-51478-1\" preload=\"none\" style=\"width: 100%;\" controls=\"controls\"><source type=\"audio\/mpeg\" src=\"http:\/\/portalcatolico.net\/portal\/wp-content\/uploads\/2018\/02\/134299421_F134299421.mp3?_=1\" \/><a href=\"http:\/\/portalcatolico.net\/portal\/wp-content\/uploads\/2018\/02\/134299421_F134299421.mp3\">http:\/\/portalcatolico.net\/portal\/wp-content\/uploads\/2018\/02\/134299421_F134299421.mp3<\/a><\/audio>\n<p>Informa\u00e7\u00f5es e foto:Vaticannews<\/p>\n<\/div>\n","protected":false},"excerpt":{"rendered":"<p>O Papa Francisco convocou para esta sexta-feira (23\/02), primeira semana da Quaresma, o Dia de Ora\u00e7\u00e3o e Jejum pela Paz no Sud\u00e3o do Sul e na Rep\u00fablica Democr\u00e1tica do Congo. Realiza-se, nesta sexta-feira (23\/02), o Dia de Ora\u00e7\u00e3o e Jejum pela Paz no Sud\u00e3o do Sul e na Rep\u00fablica Democr\u00e1tica do Congo, convocado pelo Papa&nbsp;<\/p>\n<p><a class=\"btn btn-style\" href=\"http:\/\/portalcatolico.net\/portal\/o-que-esta-acontecendo-no-sudao-do-sul-explica-o-comboniano-pe-raimundo-rocha-dos-santos\/\">Continue Reading<\/a><\/p>\n","protected":false},"author":2,"featured_media":51480,"comment_status":"open","ping_status":"open","sticky":false,"template":"","format":"standard","meta":{"footnotes":""},"categories":[5],"tags":[],"class_list":["post-51478","post","type-post","status-publish","format-standard","has-post-thumbnail","hentry","category-igreja_no_mundo"],"_links":{"self":[{"href":"http:\/\/portalcatolico.net\/portal\/wp-json\/wp\/v2\/posts\/51478","targetHints":{"allow":["GET"]}}],"collection":[{"href":"http:\/\/portalcatolico.net\/portal\/wp-json\/wp\/v2\/posts"}],"about":[{"href":"http:\/\/portalcatolico.net\/portal\/wp-json\/wp\/v2\/types\/post"}],"author":[{"embeddable":true,"href":"http:\/\/portalcatolico.net\/portal\/wp-json\/wp\/v2\/users\/2"}],"replies":[{"embeddable":true,"href":"http:\/\/portalcatolico.net\/portal\/wp-json\/wp\/v2\/comments?post=51478"}],"version-history":[{"count":1,"href":"http:\/\/portalcatolico.net\/portal\/wp-json\/wp\/v2\/posts\/51478\/revisions"}],"predecessor-version":[{"id":51481,"href":"http:\/\/portalcatolico.net\/portal\/wp-json\/wp\/v2\/posts\/51478\/revisions\/51481"}],"wp:featuredmedia":[{"embeddable":true,"href":"http:\/\/portalcatolico.net\/portal\/wp-json\/wp\/v2\/media\/51480"}],"wp:attachment":[{"href":"http:\/\/portalcatolico.net\/portal\/wp-json\/wp\/v2\/media?parent=51478"}],"wp:term":[{"taxonomy":"category","embeddable":true,"href":"http:\/\/portalcatolico.net\/portal\/wp-json\/wp\/v2\/categories?post=51478"},{"taxonomy":"post_tag","embeddable":true,"href":"http:\/\/portalcatolico.net\/portal\/wp-json\/wp\/v2\/tags?post=51478"}],"curies":[{"name":"wp","href":"https:\/\/api.w.org\/{rel}","templated":true}]}}