{"id":51475,"date":"2018-02-23T19:34:00","date_gmt":"2018-02-23T22:34:00","guid":{"rendered":"http:\/\/portalcatolico.net\/portal\/?p=51475"},"modified":"2018-02-23T19:34:00","modified_gmt":"2018-02-23T22:34:00","slug":"dia-de-jejum-e-oracao-pela-paz-acolher-e-vivenciar-essa-proposta-do-papa-francisco-para-nossa-vivencia-quaresmal","status":"publish","type":"post","link":"http:\/\/portalcatolico.net\/portal\/dia-de-jejum-e-oracao-pela-paz-acolher-e-vivenciar-essa-proposta-do-papa-francisco-para-nossa-vivencia-quaresmal\/","title":{"rendered":"Dia de jejum e ora\u00e7\u00e3o pela Paz: acolher e vivenciar essa proposta do papa Francisco para nossa viv\u00eancia quaresmal"},"content":{"rendered":"<p>Convocado pelo papa Francisco para esta sexta-feira da primeira semana da Quaresma, 23 de fevereiro, o Dia de jejum e ora\u00e7\u00e3o pela paz acontece no contexto da Campanha da Fraternidade 2018, cujo tema \u00e9 \u201cFraternidade e supera\u00e7\u00e3o da viol\u00eancia\u201d e o lema \u201cV\u00f3s sois todos irm\u00e3os\u201d.<\/p>\n<p>\u201cFoi uma feliz coincid\u00eancia e n\u00f3s consideramos que este \u00e9 um momento de vivenciar o tema e o lema da Campanha da Fraternidade\u201d, afirma o arcebispo de Bras\u00edlia (DF) e presidente da Confer\u00eancia Nacional dos Bispos do Brasil (CNBB), cardeal Sergio da Rocha.<\/p>\n<blockquote><p><strong>\u201cN\u00f3s conhecemos muito bem no dia a dia do Brasil as situa\u00e7\u00f5es de viol\u00eancia. Muita gente tem sido v\u00edtima e quanto sofrimento a viol\u00eancia nas suas variadas formas causa para as fam\u00edlias, as pessoas e os grupos mais fragilizados\u201d, pontua dom Sergio.<\/strong><\/p>\n<p>Para o cardeal, \u00e9 urgente a ora\u00e7\u00e3o e jejum, a supera\u00e7\u00e3o da viol\u00eancia, mas a supera\u00e7\u00e3o da viol\u00eancia atrav\u00e9s da ora\u00e7\u00e3o e do jejum.<\/p>\n<blockquote><p><strong>\u201cE o jejum deve incluir o jejum da agressividade. Isto \u00e9, renunciar \u00e0 agressividade nas redes sociais, nas fam\u00edlias, no ambiente de trabalho, nas ruas\u201d, salienta.<\/strong><\/p><\/blockquote>\n<p>Neste dia de ora\u00e7\u00e3o e jejum em que iniciativas ser\u00e3o promovidas em diversos pa\u00edses e de forma especial em v\u00e1rias dioceses do Brasil, todos s\u00e3o chamados, segundo dom Sergio, a contribuir atrav\u00e9s da ora\u00e7\u00e3o e do jejum \u201cacompanhados da vida fraterna, da reconcilia\u00e7\u00e3o, do perd\u00e3o para poder construir a paz\u201d.<\/p>\n<p><strong>Convoca\u00e7\u00e3o<\/strong>\u00a0\u2013 O dia\u00a0de ora\u00e7\u00e3o e jejum pela paz foi convocado pelo papa Francisco na ora\u00e7\u00e3o do Angelus do \u00faltimo 4 de fevereiro. A motiva\u00e7\u00e3o para o convite \u00e9 a \u201ctr\u00e1gica continua\u00e7\u00e3o de situa\u00e7\u00f5es de conflito em diversas partes do mundo\u201d.<\/p>\n<p>Na ocasi\u00e3o, o pont\u00edfice exortou que \u201cas vit\u00f3rias obtidas com a viol\u00eancia s\u00e3o falsas vit\u00f3rias\u201d e lembrou dos conflitos no Sud\u00e3o do Sul e na Rep\u00fablica Democr\u00e1tica do Congo.<\/p>\n<blockquote><p><strong>\u201cN\u00f3s temos as situa\u00e7\u00f5es que o papa recordou, mas ele quer incluir neste dia o conjunto da humanidade que passa por tantos conflitos e tantas situa\u00e7\u00f5es de viol\u00eancia e\u00a0<\/strong><strong>n\u00f3s do Brasil, em plena Campanha da Fraternidade, com mais raz\u00e3o ainda, queremos acolher e vivenciar essa proposta do papa Francisco para nossa viv\u00eancia quaresmal\u201d<\/strong>,\u00a0<strong>destaca dom Sergio da Rocha.<\/strong><\/p>\n<p>Fonte:CNBB<\/p><\/blockquote>\n<\/blockquote>\n","protected":false},"excerpt":{"rendered":"<p>Convocado pelo papa Francisco para esta sexta-feira da primeira semana da Quaresma, 23 de fevereiro, o Dia de jejum e ora\u00e7\u00e3o pela paz acontece no contexto da Campanha da Fraternidade 2018, cujo tema \u00e9 \u201cFraternidade e supera\u00e7\u00e3o da viol\u00eancia\u201d e o lema \u201cV\u00f3s sois todos irm\u00e3os\u201d. \u201cFoi uma feliz coincid\u00eancia e n\u00f3s consideramos que este&nbsp;<\/p>\n<p><a class=\"btn btn-style\" href=\"http:\/\/portalcatolico.net\/portal\/dia-de-jejum-e-oracao-pela-paz-acolher-e-vivenciar-essa-proposta-do-papa-francisco-para-nossa-vivencia-quaresmal\/\">Continue Reading<\/a><\/p>\n","protected":false},"author":2,"featured_media":51476,"comment_status":"open","ping_status":"open","sticky":false,"template":"","format":"standard","meta":{"footnotes":""},"categories":[2],"tags":[],"class_list":["post-51475","post","type-post","status-publish","format-standard","has-post-thumbnail","hentry","category-eventos"],"_links":{"self":[{"href":"http:\/\/portalcatolico.net\/portal\/wp-json\/wp\/v2\/posts\/51475","targetHints":{"allow":["GET"]}}],"collection":[{"href":"http:\/\/portalcatolico.net\/portal\/wp-json\/wp\/v2\/posts"}],"about":[{"href":"http:\/\/portalcatolico.net\/portal\/wp-json\/wp\/v2\/types\/post"}],"author":[{"embeddable":true,"href":"http:\/\/portalcatolico.net\/portal\/wp-json\/wp\/v2\/users\/2"}],"replies":[{"embeddable":true,"href":"http:\/\/portalcatolico.net\/portal\/wp-json\/wp\/v2\/comments?post=51475"}],"version-history":[{"count":1,"href":"http:\/\/portalcatolico.net\/portal\/wp-json\/wp\/v2\/posts\/51475\/revisions"}],"predecessor-version":[{"id":51477,"href":"http:\/\/portalcatolico.net\/portal\/wp-json\/wp\/v2\/posts\/51475\/revisions\/51477"}],"wp:featuredmedia":[{"embeddable":true,"href":"http:\/\/portalcatolico.net\/portal\/wp-json\/wp\/v2\/media\/51476"}],"wp:attachment":[{"href":"http:\/\/portalcatolico.net\/portal\/wp-json\/wp\/v2\/media?parent=51475"}],"wp:term":[{"taxonomy":"category","embeddable":true,"href":"http:\/\/portalcatolico.net\/portal\/wp-json\/wp\/v2\/categories?post=51475"},{"taxonomy":"post_tag","embeddable":true,"href":"http:\/\/portalcatolico.net\/portal\/wp-json\/wp\/v2\/tags?post=51475"}],"curies":[{"name":"wp","href":"https:\/\/api.w.org\/{rel}","templated":true}]}}