{"id":51468,"date":"2018-02-23T06:00:05","date_gmt":"2018-02-23T09:00:05","guid":{"rendered":"http:\/\/portalcatolico.net\/portal\/?p=51468"},"modified":"2018-02-23T06:02:38","modified_gmt":"2018-02-23T09:02:38","slug":"missa-de-envio-de-diogo-oliveira-acontecera-em-itabuna","status":"publish","type":"post","link":"http:\/\/portalcatolico.net\/portal\/missa-de-envio-de-diogo-oliveira-acontecera-em-itabuna\/","title":{"rendered":"Missa de envio de Diogo Oliveira acontecer\u00e1 em Itabuna"},"content":{"rendered":"<p style=\"font-weight: 400;\"><em>Nesta sexta-feira, 23 de fevereiro, ir\u00e1 acontecer a missa de envio do seminarista Diego Oliveira, na Par\u00f3quia Nossa Senhora da Concei\u00e7\u00e3o, no bairro Ferradas em Itabuna (BA). O ato solene ter\u00e1 in\u00edcio \u00e0s 19h.<\/em><\/p>\n<p style=\"font-weight: 400;\"><em>Diogo Oliveira\u00a0\u00a0ir\u00e1 na pr\u00f3xima ter\u00e7a-feira\u00a0\u00a0(27,) iniciar o per\u00edodo no Semin\u00e1rio Proped\u00eautico, acompanhado de outros jovens na Diocese de Itabuna.<\/em><\/p>\n<p style=\"font-weight: 400;\"><em>O Portal Cat\u00f3lico exalta a perseveran\u00e7a deste jovem e torce para que sua caminhada, no servi\u00e7o \u00e0 Jesus Cristo, seja brilhante!<\/em><\/p>\n","protected":false},"excerpt":{"rendered":"<p>Nesta sexta-feira, 23 de fevereiro, ir\u00e1 acontecer a missa de envio do seminarista Diego Oliveira, na Par\u00f3quia Nossa Senhora da Concei\u00e7\u00e3o, no bairro Ferradas em Itabuna (BA). O ato solene ter\u00e1 in\u00edcio \u00e0s 19h. Diogo Oliveira\u00a0\u00a0ir\u00e1 na pr\u00f3xima ter\u00e7a-feira\u00a0\u00a0(27,) iniciar o per\u00edodo no Semin\u00e1rio Proped\u00eautico, acompanhado de outros jovens na Diocese de Itabuna. O Portal&nbsp;<\/p>\n<p><a class=\"btn btn-style\" href=\"http:\/\/portalcatolico.net\/portal\/missa-de-envio-de-diogo-oliveira-acontecera-em-itabuna\/\">Continue Reading<\/a><\/p>\n","protected":false},"author":2,"featured_media":51469,"comment_status":"open","ping_status":"open","sticky":false,"template":"","format":"standard","meta":{"footnotes":""},"categories":[1],"tags":[],"class_list":["post-51468","post","type-post","status-publish","format-standard","has-post-thumbnail","hentry","category-agenda"],"_links":{"self":[{"href":"http:\/\/portalcatolico.net\/portal\/wp-json\/wp\/v2\/posts\/51468","targetHints":{"allow":["GET"]}}],"collection":[{"href":"http:\/\/portalcatolico.net\/portal\/wp-json\/wp\/v2\/posts"}],"about":[{"href":"http:\/\/portalcatolico.net\/portal\/wp-json\/wp\/v2\/types\/post"}],"author":[{"embeddable":true,"href":"http:\/\/portalcatolico.net\/portal\/wp-json\/wp\/v2\/users\/2"}],"replies":[{"embeddable":true,"href":"http:\/\/portalcatolico.net\/portal\/wp-json\/wp\/v2\/comments?post=51468"}],"version-history":[{"count":4,"href":"http:\/\/portalcatolico.net\/portal\/wp-json\/wp\/v2\/posts\/51468\/revisions"}],"predecessor-version":[{"id":51473,"href":"http:\/\/portalcatolico.net\/portal\/wp-json\/wp\/v2\/posts\/51468\/revisions\/51473"}],"wp:featuredmedia":[{"embeddable":true,"href":"http:\/\/portalcatolico.net\/portal\/wp-json\/wp\/v2\/media\/51469"}],"wp:attachment":[{"href":"http:\/\/portalcatolico.net\/portal\/wp-json\/wp\/v2\/media?parent=51468"}],"wp:term":[{"taxonomy":"category","embeddable":true,"href":"http:\/\/portalcatolico.net\/portal\/wp-json\/wp\/v2\/categories?post=51468"},{"taxonomy":"post_tag","embeddable":true,"href":"http:\/\/portalcatolico.net\/portal\/wp-json\/wp\/v2\/tags?post=51468"}],"curies":[{"name":"wp","href":"https:\/\/api.w.org\/{rel}","templated":true}]}}