{"id":51463,"date":"2018-02-23T19:56:31","date_gmt":"2018-02-23T22:56:31","guid":{"rendered":"http:\/\/portalcatolico.net\/portal\/?p=51463"},"modified":"2018-02-23T19:57:09","modified_gmt":"2018-02-23T22:57:09","slug":"missa-de-envio-do-seminarista-joedson-acontecera-em-santa-cruz-da-vitoria","status":"publish","type":"post","link":"http:\/\/portalcatolico.net\/portal\/missa-de-envio-do-seminarista-joedson-acontecera-em-santa-cruz-da-vitoria\/","title":{"rendered":"Missa de envio do Seminarista Joedson acontecer\u00e1 em Santa Cruz da Vit\u00f3ria"},"content":{"rendered":"<div dir=\"auto\"><i>A Par\u00f3quia Nossa Senhora das Vit\u00f3rias, na cidade de Cruz da Vit\u00f3ria (BA), convida voc\u00ea e sua fam\u00edlia com muita alegria e prazer, para a missa de envio do jovem Joedson\u00a0 Farias da Rocha, que dia 26 Fevereiro, \u00e0s 19h ingressar\u00e1 no Semin\u00e1rio Diocesano Proped\u00eautico S\u00e3o Jos\u00e9 na Diocese de \u00a0Itabuna (BA).\u00a0<\/i><\/div>\n<div dir=\"auto\"><i>Participe<\/i>\u00a0desse momento especial!<\/div>\n<div dir=\"auto\"><img loading=\"lazy\" decoding=\"async\" class=\"wp-image-51464 aligncenter\" src=\"http:\/\/portalcatolico.net\/portal\/wp-content\/uploads\/2018\/02\/27867248_192248428030582_2172248635952957791_n-300x192.jpg\" alt=\"27867248_192248428030582_2172248635952957791_n\" width=\"589\" height=\"377\" srcset=\"http:\/\/portalcatolico.net\/portal\/wp-content\/uploads\/2018\/02\/27867248_192248428030582_2172248635952957791_n-300x192.jpg 300w, http:\/\/portalcatolico.net\/portal\/wp-content\/uploads\/2018\/02\/27867248_192248428030582_2172248635952957791_n-768x492.jpg 768w, http:\/\/portalcatolico.net\/portal\/wp-content\/uploads\/2018\/02\/27867248_192248428030582_2172248635952957791_n.jpg 960w\" sizes=\"auto, (max-width: 589px) 100vw, 589px\" \/><\/div>\n","protected":false},"excerpt":{"rendered":"<p>A Par\u00f3quia Nossa Senhora das Vit\u00f3rias, na cidade de Cruz da Vit\u00f3ria (BA), convida voc\u00ea e sua fam\u00edlia com muita alegria e prazer, para a missa de envio do jovem Joedson\u00a0 Farias da Rocha, que dia 26 Fevereiro, \u00e0s 19h ingressar\u00e1 no Semin\u00e1rio Diocesano Proped\u00eautico S\u00e3o Jos\u00e9 na Diocese de \u00a0Itabuna (BA).\u00a0 Participe\u00a0desse momento especial!<\/p>\n","protected":false},"author":2,"featured_media":51465,"comment_status":"open","ping_status":"open","sticky":false,"template":"","format":"standard","meta":{"footnotes":""},"categories":[2],"tags":[],"class_list":["post-51463","post","type-post","status-publish","format-standard","has-post-thumbnail","hentry","category-eventos"],"_links":{"self":[{"href":"http:\/\/portalcatolico.net\/portal\/wp-json\/wp\/v2\/posts\/51463","targetHints":{"allow":["GET"]}}],"collection":[{"href":"http:\/\/portalcatolico.net\/portal\/wp-json\/wp\/v2\/posts"}],"about":[{"href":"http:\/\/portalcatolico.net\/portal\/wp-json\/wp\/v2\/types\/post"}],"author":[{"embeddable":true,"href":"http:\/\/portalcatolico.net\/portal\/wp-json\/wp\/v2\/users\/2"}],"replies":[{"embeddable":true,"href":"http:\/\/portalcatolico.net\/portal\/wp-json\/wp\/v2\/comments?post=51463"}],"version-history":[{"count":1,"href":"http:\/\/portalcatolico.net\/portal\/wp-json\/wp\/v2\/posts\/51463\/revisions"}],"predecessor-version":[{"id":51466,"href":"http:\/\/portalcatolico.net\/portal\/wp-json\/wp\/v2\/posts\/51463\/revisions\/51466"}],"wp:featuredmedia":[{"embeddable":true,"href":"http:\/\/portalcatolico.net\/portal\/wp-json\/wp\/v2\/media\/51465"}],"wp:attachment":[{"href":"http:\/\/portalcatolico.net\/portal\/wp-json\/wp\/v2\/media?parent=51463"}],"wp:term":[{"taxonomy":"category","embeddable":true,"href":"http:\/\/portalcatolico.net\/portal\/wp-json\/wp\/v2\/categories?post=51463"},{"taxonomy":"post_tag","embeddable":true,"href":"http:\/\/portalcatolico.net\/portal\/wp-json\/wp\/v2\/tags?post=51463"}],"curies":[{"name":"wp","href":"https:\/\/api.w.org\/{rel}","templated":true}]}}