{"id":51458,"date":"2018-02-24T04:22:04","date_gmt":"2018-02-24T07:22:04","guid":{"rendered":"http:\/\/portalcatolico.net\/portal\/?p=51458"},"modified":"2018-02-23T06:08:50","modified_gmt":"2018-02-23T09:08:50","slug":"paroquia-em-itabuna-se-prepara-para-festejar-jubileu-de-ouro","status":"publish","type":"post","link":"http:\/\/portalcatolico.net\/portal\/paroquia-em-itabuna-se-prepara-para-festejar-jubileu-de-ouro\/","title":{"rendered":"Par\u00f3quia em Itabuna se prepara para festejar Jubileu de Ouro"},"content":{"rendered":"<p>A Par\u00f3quia Santa Rita de C\u00e1ssia se prepara para o anivers\u00e1rio dos 50 anos, que acontece em maio, com v\u00e1rias atividades\u00a0de evangeliza\u00e7\u00e3o. A par\u00f3quia, que situa-se no bairro S\u00e3o Caetano, em Itabuna (BA), tem como p\u00e1roco, o Frei Jos\u00e9 Gen\u00edlton e comemora o Jubileu de Ouro no dia 22 de maio. At\u00e9 l\u00e1, diversos eventos v\u00e3o acontecer em sentido da data.<\/p>\n<p>Um dos acontecimentos previstos e t\u00e3o esperados \u00e9 a inaugura\u00e7\u00e3o do monumento em homenagem ao Frei Joaquim Cameli, falecido no dia 10 de julho de 2017. Em virtude da morte do Frei Joaquim, os paroquianos e \u00a0o Conselho Pastoral Paroquial, iniciaram uma campanha em agosto de 2017\u00a0em prol do monumento e do memorial de um dos maiores construtores de templo sagrado do Brasil e fundador do Convento de Santa Rita de C\u00e1ssia.<\/p>\n<p>De acordo com o Pe. o Frei Genilton, a festa ser\u00e1 grandiosa. Afinal, s\u00e3o 50 anos de hist\u00f3ria de evangeliza\u00e7\u00e3o e de um povo vivido na f\u00e9.<\/p>\n<p>A Par\u00f3quia Santa Rita de C\u00e1ssia \u00e9 administrada pela\u00a0 Ordem dos Frades Menores Capuchinhos de Bahia e Sergipe (OFM Cap.) e pertence \u00e0 Diocese de Itabuna. Ela foi criada em 1968 e respectivamente desmembrada da Par\u00f3quia Nossa Senhora da Concei\u00e7\u00e3o,\u00a0que na \u00e9poca, pertencia \u00e0 Diocese de Ilh\u00e9us.<\/p>\n<p>Reportagem e foto: Valdeni Elias<\/p>\n<p>Edi\u00e7\u00e3o de texto: Anara Passos<\/p>\n<p><em>\u00a0<\/em><\/p>\n","protected":false},"excerpt":{"rendered":"<p>A Par\u00f3quia Santa Rita de C\u00e1ssia se prepara para o anivers\u00e1rio dos 50 anos, que acontece em maio, com v\u00e1rias atividades\u00a0de evangeliza\u00e7\u00e3o. A par\u00f3quia, que situa-se no bairro S\u00e3o Caetano, em Itabuna (BA), tem como p\u00e1roco, o Frei Jos\u00e9 Gen\u00edlton e comemora o Jubileu de Ouro no dia 22 de maio. At\u00e9 l\u00e1, diversos eventos&nbsp;<\/p>\n<p><a class=\"btn btn-style\" href=\"http:\/\/portalcatolico.net\/portal\/paroquia-em-itabuna-se-prepara-para-festejar-jubileu-de-ouro\/\">Continue Reading<\/a><\/p>\n","protected":false},"author":2,"featured_media":51459,"comment_status":"open","ping_status":"open","sticky":false,"template":"","format":"standard","meta":{"footnotes":""},"categories":[1],"tags":[],"class_list":["post-51458","post","type-post","status-publish","format-standard","has-post-thumbnail","hentry","category-agenda"],"_links":{"self":[{"href":"http:\/\/portalcatolico.net\/portal\/wp-json\/wp\/v2\/posts\/51458","targetHints":{"allow":["GET"]}}],"collection":[{"href":"http:\/\/portalcatolico.net\/portal\/wp-json\/wp\/v2\/posts"}],"about":[{"href":"http:\/\/portalcatolico.net\/portal\/wp-json\/wp\/v2\/types\/post"}],"author":[{"embeddable":true,"href":"http:\/\/portalcatolico.net\/portal\/wp-json\/wp\/v2\/users\/2"}],"replies":[{"embeddable":true,"href":"http:\/\/portalcatolico.net\/portal\/wp-json\/wp\/v2\/comments?post=51458"}],"version-history":[{"count":3,"href":"http:\/\/portalcatolico.net\/portal\/wp-json\/wp\/v2\/posts\/51458\/revisions"}],"predecessor-version":[{"id":51462,"href":"http:\/\/portalcatolico.net\/portal\/wp-json\/wp\/v2\/posts\/51458\/revisions\/51462"}],"wp:featuredmedia":[{"embeddable":true,"href":"http:\/\/portalcatolico.net\/portal\/wp-json\/wp\/v2\/media\/51459"}],"wp:attachment":[{"href":"http:\/\/portalcatolico.net\/portal\/wp-json\/wp\/v2\/media?parent=51458"}],"wp:term":[{"taxonomy":"category","embeddable":true,"href":"http:\/\/portalcatolico.net\/portal\/wp-json\/wp\/v2\/categories?post=51458"},{"taxonomy":"post_tag","embeddable":true,"href":"http:\/\/portalcatolico.net\/portal\/wp-json\/wp\/v2\/tags?post=51458"}],"curies":[{"name":"wp","href":"https:\/\/api.w.org\/{rel}","templated":true}]}}