{"id":51455,"date":"2018-02-22T18:36:04","date_gmt":"2018-02-22T21:36:04","guid":{"rendered":"http:\/\/portalcatolico.net\/portal\/?p=51455"},"modified":"2018-02-22T18:36:04","modified_gmt":"2018-02-22T21:36:04","slug":"comunidade-santa-cecilia-realiza-cerco-de-jerico-em-itabuna","status":"publish","type":"post","link":"http:\/\/portalcatolico.net\/portal\/comunidade-santa-cecilia-realiza-cerco-de-jerico-em-itabuna\/","title":{"rendered":"Comunidade Santa Cec\u00edlia realiza Cerco de Jeric\u00f3 em Itabuna"},"content":{"rendered":"<p style=\"font-weight: 400;\"><em>Com o intuito de promover aos fi\u00e9is momentos de f\u00e9 e adora\u00e7\u00e3o inspirados na passagem b\u00edblica do Antigo Testamento, o Cerco de Jeric\u00f3 tem atra\u00eddo fi\u00e9is na Comunidade Santa Cecilia. S\u00e3o sete dias de louvor, ora\u00e7\u00e3o, cura, prega\u00e7\u00e3o, missa, entre outros momentos de evangeliza\u00e7\u00e3o. O \u00a0tema que abordado \u00e9: Eis que estou\u00a0\u00a0a porta e bato\u201d (AP 3,20).<\/em><\/p>\n<p style=\"font-weight: 400;\"><em>O evento teve in\u00edcio no dia 19 e segue at\u00e9 o dia 25, com o encontro de ora\u00e7\u00e3o, todos os dias \u00e0s 19h.<\/em><\/p>\n<p style=\"font-weight: 400;\"><em>\u00a0No dia 24, \u00e0s 22h, acontecer\u00e1 a missa da vig\u00edlia, que ter\u00e1 a presid\u00eancia do padre Tony Val\u00e9rio, P\u00e1roco da Par\u00f3quia Santa Maria Madalena de Itabuna.<\/em><\/p>\n<p style=\"font-weight: 400;\"><em>A inspira\u00e7\u00e3o para o evento, vem do cap\u00edtulo 6 do livro de Josu\u00e9, que fala do epis\u00f3dio em que o povo de Israel orou seis dias e sete noites em torno das muralhas das intranspon\u00edveis de Jeric\u00f3. No s\u00e9timo dia, deram voltas em torno da cidade com a Arca da Alian\u00e7a, ao toque das trombetas e diante dos gritos dos israelitas, a muralha veio abaixo, e eles puderam continuar seguindo rumo \u00e0 Terra Prometida. Foi S\u00e3o Jo\u00e3o Paulo II quem inaugurou essa devo\u00e7\u00e3o.<\/em><\/p>\n<p><em>A ideia do \u201cCerco de Jeric\u00f3\u201d repaginado \u00e9 derrubar \u201ca muralha dos males espirituais\u201d que prejudicam os crist\u00e3os: os pecados, a inveja, os v\u00edcios etc.\u00a0<\/em><\/p>\n<p style=\"font-weight: 400;\"><em>O Cerco de Jeric\u00f3 est\u00e1 sendo realizado na capela da Comunidade Santa Cecilia, situada na rua Alto da Lua, bairro Mangabinha , pr\u00f3ximo ao Convento\u00a0\u00a0dos Passionistas, em Itabuna (BA). Para outras informa\u00e7\u00f5es, entre em contato pelo telefone (73) 98836-1614.<\/em><\/p>\n<p style=\"font-weight: 400;\"><em>Participe!<\/em><\/p>\n<p style=\"font-weight: 400;\">\u00a0Edi\u00e7\u00e3o de texto:Anara Passos<\/p>\n<p><strong>\u00a0<\/strong><\/p>\n","protected":false},"excerpt":{"rendered":"<p>Com o intuito de promover aos fi\u00e9is momentos de f\u00e9 e adora\u00e7\u00e3o inspirados na passagem b\u00edblica do Antigo Testamento, o Cerco de Jeric\u00f3 tem atra\u00eddo fi\u00e9is na Comunidade Santa Cecilia. S\u00e3o sete dias de louvor, ora\u00e7\u00e3o, cura, prega\u00e7\u00e3o, missa, entre outros momentos de evangeliza\u00e7\u00e3o. O \u00a0tema que abordado \u00e9: Eis que estou\u00a0\u00a0a porta e bato\u201d&nbsp;<\/p>\n<p><a class=\"btn btn-style\" href=\"http:\/\/portalcatolico.net\/portal\/comunidade-santa-cecilia-realiza-cerco-de-jerico-em-itabuna\/\">Continue Reading<\/a><\/p>\n","protected":false},"author":2,"featured_media":51456,"comment_status":"open","ping_status":"open","sticky":false,"template":"","format":"standard","meta":{"footnotes":""},"categories":[1],"tags":[],"class_list":["post-51455","post","type-post","status-publish","format-standard","has-post-thumbnail","hentry","category-agenda"],"_links":{"self":[{"href":"http:\/\/portalcatolico.net\/portal\/wp-json\/wp\/v2\/posts\/51455","targetHints":{"allow":["GET"]}}],"collection":[{"href":"http:\/\/portalcatolico.net\/portal\/wp-json\/wp\/v2\/posts"}],"about":[{"href":"http:\/\/portalcatolico.net\/portal\/wp-json\/wp\/v2\/types\/post"}],"author":[{"embeddable":true,"href":"http:\/\/portalcatolico.net\/portal\/wp-json\/wp\/v2\/users\/2"}],"replies":[{"embeddable":true,"href":"http:\/\/portalcatolico.net\/portal\/wp-json\/wp\/v2\/comments?post=51455"}],"version-history":[{"count":1,"href":"http:\/\/portalcatolico.net\/portal\/wp-json\/wp\/v2\/posts\/51455\/revisions"}],"predecessor-version":[{"id":51457,"href":"http:\/\/portalcatolico.net\/portal\/wp-json\/wp\/v2\/posts\/51455\/revisions\/51457"}],"wp:featuredmedia":[{"embeddable":true,"href":"http:\/\/portalcatolico.net\/portal\/wp-json\/wp\/v2\/media\/51456"}],"wp:attachment":[{"href":"http:\/\/portalcatolico.net\/portal\/wp-json\/wp\/v2\/media?parent=51455"}],"wp:term":[{"taxonomy":"category","embeddable":true,"href":"http:\/\/portalcatolico.net\/portal\/wp-json\/wp\/v2\/categories?post=51455"},{"taxonomy":"post_tag","embeddable":true,"href":"http:\/\/portalcatolico.net\/portal\/wp-json\/wp\/v2\/tags?post=51455"}],"curies":[{"name":"wp","href":"https:\/\/api.w.org\/{rel}","templated":true}]}}