{"id":51451,"date":"2018-02-22T17:56:55","date_gmt":"2018-02-22T20:56:55","guid":{"rendered":"http:\/\/portalcatolico.net\/portal\/?p=51451"},"modified":"2018-02-22T17:57:36","modified_gmt":"2018-02-22T20:57:36","slug":"aos-106-anos-morre-o-missionario-passionista-mario-tomassetti","status":"publish","type":"post","link":"http:\/\/portalcatolico.net\/portal\/aos-106-anos-morre-o-missionario-passionista-mario-tomassetti\/","title":{"rendered":"Aos 106 anos,  morre o Mission\u00e1rio  Passionista,  Mario Tomassetti"},"content":{"rendered":"<p><em>O Padre Mario Tomassetti morreu nesta quinta-feira, 22 de fevereiro, na It\u00e1lia,\u00a0 aos 106 anos.<\/em><\/p>\n<p><em>Ele\u00a0nasceu na cidade de Col\u00f4nia na \u00a0Alemanha no dia 1 de dezembro de 1911, foi para a It\u00e1lia ainda muito pequeno com seus pais e irm\u00e3os, e l\u00e1 recebeu dos pais a educa\u00e7\u00e3o na f\u00e9. Aos 13 anos de idade, ingressou na Congrega\u00e7\u00e3o Passionista, professou os votos religiosos, foi ordenado sacerdote e com quarenta e dois anos veio para o Brasil, onde foi mission\u00e1rio e evangelizou por mais de \u00a0cinquenta e oito anos.<\/em><\/p>\n<p><em>O religiosos Passionista j\u00e1 evangelizou em algumas igrejas no interior da Bahia e na capital. Como por exemplo: Na Par\u00f3quia Nossa Senhora da Boa Viagem (Salvador), Santa Maria Goretti (Itabuna) e Nossa \u00a0Senhora do Perp\u00e9tuo Socorro (Jequi\u00e9)\u00a0.<\/em><\/p>\n<p><em>Padre\u00a0Mario\u00a0entrou para o Semin\u00e1rio em 1924, com 13 anos de idade, em Netuno, Centro da It\u00e1lia. Sua 1\u00aa profiss\u00e3o religiosa deu-se em 1927 na congrega\u00e7\u00e3o dos padres passionistas.<\/em><\/p>\n<p><em>A ordena\u00e7\u00e3o presbiteral aconteceu em 1937 em \u00a0Floren\u00e7a, It\u00e1lia.<\/em><\/p>\n<p><em>Ele veio para o Brasil em 1953, com 16 anos de minist\u00e9rio sacerdotal, para integrar o grupo dos passionistas que atendiam a igreja no Estado da Bahia.<\/em><\/p>\n<p><em>As informa\u00e7\u00f5es foi extra\u00edda do site cjcconvento de Jequi\u00e9, no sul da Bahia.<\/em><\/p>\n<p><em>Muitas mensagens est\u00e3o circulando nas redes sociais em homenagem ao padre.<\/em><\/p>\n<p><em>O Portal Cat\u00f3lico deseja que Deus o acolha na morada eterna.<\/em><\/p>\n<p>Foto:Reprodu\u00e7\u00e3o\/Facebook<\/p>\n<p><em>\u00a0Edi\u00e7\u00e3o de texto: Anara Passos<\/em><\/p>\n","protected":false},"excerpt":{"rendered":"<p>O Padre Mario Tomassetti morreu nesta quinta-feira, 22 de fevereiro, na It\u00e1lia,\u00a0 aos 106 anos. Ele\u00a0nasceu na cidade de Col\u00f4nia na \u00a0Alemanha no dia 1 de dezembro de 1911, foi para a It\u00e1lia ainda muito pequeno com seus pais e irm\u00e3os, e l\u00e1 recebeu dos pais a educa\u00e7\u00e3o na f\u00e9. Aos 13 anos de idade,&nbsp;<\/p>\n<p><a class=\"btn btn-style\" href=\"http:\/\/portalcatolico.net\/portal\/aos-106-anos-morre-o-missionario-passionista-mario-tomassetti\/\">Continue Reading<\/a><\/p>\n","protected":false},"author":2,"featured_media":51452,"comment_status":"open","ping_status":"open","sticky":false,"template":"","format":"standard","meta":{"footnotes":""},"categories":[4],"tags":[],"class_list":["post-51451","post","type-post","status-publish","format-standard","has-post-thumbnail","hentry","category-destaques"],"_links":{"self":[{"href":"http:\/\/portalcatolico.net\/portal\/wp-json\/wp\/v2\/posts\/51451","targetHints":{"allow":["GET"]}}],"collection":[{"href":"http:\/\/portalcatolico.net\/portal\/wp-json\/wp\/v2\/posts"}],"about":[{"href":"http:\/\/portalcatolico.net\/portal\/wp-json\/wp\/v2\/types\/post"}],"author":[{"embeddable":true,"href":"http:\/\/portalcatolico.net\/portal\/wp-json\/wp\/v2\/users\/2"}],"replies":[{"embeddable":true,"href":"http:\/\/portalcatolico.net\/portal\/wp-json\/wp\/v2\/comments?post=51451"}],"version-history":[{"count":2,"href":"http:\/\/portalcatolico.net\/portal\/wp-json\/wp\/v2\/posts\/51451\/revisions"}],"predecessor-version":[{"id":51454,"href":"http:\/\/portalcatolico.net\/portal\/wp-json\/wp\/v2\/posts\/51451\/revisions\/51454"}],"wp:featuredmedia":[{"embeddable":true,"href":"http:\/\/portalcatolico.net\/portal\/wp-json\/wp\/v2\/media\/51452"}],"wp:attachment":[{"href":"http:\/\/portalcatolico.net\/portal\/wp-json\/wp\/v2\/media?parent=51451"}],"wp:term":[{"taxonomy":"category","embeddable":true,"href":"http:\/\/portalcatolico.net\/portal\/wp-json\/wp\/v2\/categories?post=51451"},{"taxonomy":"post_tag","embeddable":true,"href":"http:\/\/portalcatolico.net\/portal\/wp-json\/wp\/v2\/tags?post=51451"}],"curies":[{"name":"wp","href":"https:\/\/api.w.org\/{rel}","templated":true}]}}