{"id":51448,"date":"2018-02-22T06:12:45","date_gmt":"2018-02-22T09:12:45","guid":{"rendered":"http:\/\/portalcatolico.net\/portal\/?p=51448"},"modified":"2018-02-22T06:12:45","modified_gmt":"2018-02-22T09:12:45","slug":"desafio-das-violencias","status":"publish","type":"post","link":"http:\/\/portalcatolico.net\/portal\/desafio-das-violencias\/","title":{"rendered":"Desafio das viol\u00eancias"},"content":{"rendered":"<p>As diferentes formas de viol\u00eancia crescem assustadoramente em todo o mundo, exigindo da humanidade urg\u00eancia na busca pela paz. Uma tarefa \u00e1rdua que n\u00e3o se realiza com promessas ou decis\u00f5es simplistas, pois se trata de um fen\u00f4meno complexo: requer an\u00e1lises multidisciplinares, vontade pol\u00edtica e o envolvimento de toda a sociedade.<\/p>\n<p>As estat\u00edsticas, os n\u00fameros assustadores, delineiam um amplo quadro de perversidades. Al\u00e9m disso, h\u00e1 de se considerar tamb\u00e9m as muitas hist\u00f3rias compartilhadas nas redes sociais e as not\u00edcias que revelam situa\u00e7\u00f5es absurdas, verdadeiros atentados contra a vida. Reconhecendo a import\u00e2ncia dos n\u00fameros, das informa\u00e7\u00f5es e das provid\u00eancias governamentais no \u00e2mbito da seguran\u00e7a p\u00fablica, \u00e9 preciso enfrentar a viol\u00eancia a partir de suas ra\u00edzes que t\u00eam origem na compreens\u00e3o do ser humano a respeito da vida e do que significa cada pessoa. Trata-se de um conjunto de valores que configura o pr\u00f3prio exerc\u00edcio da cidadania.<\/p>\n<p>Nessa realidade, s\u00e3o inadi\u00e1veis os investimentos para se estabelecer um tecido socioantropol\u00f3gico capaz de restaurar uma refer\u00eancia inegoci\u00e1vel: a compreens\u00e3o da vida de todos, n\u00e3o apenas da pr\u00f3pria vida, como dom de Deus. O investimento a ser feito toca os mais diferentes campos que integram a exist\u00eancia humana \u2013 o contexto familiar, escolar, a religiosidade, as pr\u00e1ticas e os costumes, que constituem a cultura de um povo. Esses campos devem estar unidos na configura\u00e7\u00e3o de uma nova mentalidade. Afinal, sem o reconhecimento da sacralidade de cada pessoa, prevalecem a banaliza\u00e7\u00e3o da vida e a consequente expans\u00e3o das viol\u00eancias.<\/p>\n<p>Mais importante que todas as medidas reconhecidamente necess\u00e1rias para combater a viol\u00eancia, o que se espera \u00e9 uma verdadeira mudan\u00e7a de mentalidade, com for\u00e7a para fazer emergir novas posturas. Assim, a sociedade poder\u00e1 superar o atual cen\u00e1rio, em que in\u00fameras mortes s\u00e3o provocadas por motivos banais \u2013 atenta-se contra a vida de algu\u00e9m para apropriar-se de um bem material, por exemplo. \u00c9 a verdadeira banaliza\u00e7\u00e3o do mal o que se vive na contemporaneidade. Por isso mesmo, embora sejam importantes as an\u00e1lises de especialistas, pois permitem o conhecimento mais aprofundado sobre as diferentes situa\u00e7\u00f5es de viol\u00eancia, h\u00e1 um desafio que \u00e9 de todos na busca pela paz.<\/p>\n<p>Esse desafio contempla assumir as pr\u00f3prias responsabilidade e deixar de delegar sempre ao outro a atribui\u00e7\u00e3o de superar o mal. Deixar de acreditar que apenas as institui\u00e7\u00f5es ligadas \u00e0 seguran\u00e7a p\u00fablica t\u00eam o dever de vencer a viol\u00eancia. Urge contribuir para que todos partilhem uma nova compreens\u00e3o a respeito da vida, do sentido de viver, que leve \u00e0 preval\u00eancia das rela\u00e7\u00f5es fraternas e solid\u00e1rias. \u00c9 assim que se alcan\u00e7a nova din\u00e2mica cultural alicer\u00e7ada na paz.<\/p>\n<p>Para superar a viol\u00eancia, o percurso a ser seguido contempla muitas a\u00e7\u00f5es: cultivar a solidariedade, conhecer e respeitar a pr\u00f3pria hist\u00f3ria, se perceber como algu\u00e9m que realmente pertence a um povo, assumindo o compromisso de cuidar das pessoas que est\u00e3o ao redor. Essas atitudes s\u00e3o contr\u00e1rias \u00e0s banaliza\u00e7\u00f5es de todo tipo que alimentam o mal \u2013 das a\u00e7\u00f5es exclusivamente motivadas por interesses econ\u00f4micos sedutores, manipuladores, aos comportamentos cotidianos que revelam falta de limite \u00e9tico-moral.<\/p>\n<p>Vale prestar aten\u00e7\u00e3o redobrada e cultivar valores fundamentais capazes de fazer surgir a fraternidade como princ\u00edpio que ordena os diferentes modos de viver. Nesse sentido, todos os segmentos da sociedade partilham a responsabilidade de reavaliar as pr\u00f3prias atitudes, as posturas, para serem capazes de redesenhar um novo horizonte. Tarefa que exige s\u00f3lido arcabou\u00e7o \u00e9tico-moral e a espiritualidade que reconfigura a viv\u00eancia humana, na supera\u00e7\u00e3o do desafio das viol\u00eancias. Esta deve ser a nossa grande batalha di\u00e1ria pela paz.<\/p>\n<p>Autor:Dom Walmor Oliveira de Azevedo<br \/>\nArcebispo metropolitano de Belo Horizonte<\/p>\n<p>Ilustra\u00e7\u00e3o: Quinho | Jornal Estado de Minas<\/p>\n<p>Fonte:Arquidiocese de Belo Horizonte (MG)<\/p>\n","protected":false},"excerpt":{"rendered":"<p>As diferentes formas de viol\u00eancia crescem assustadoramente em todo o mundo, exigindo da humanidade urg\u00eancia na busca pela paz. Uma tarefa \u00e1rdua que n\u00e3o se realiza com promessas ou decis\u00f5es simplistas, pois se trata de um fen\u00f4meno complexo: requer an\u00e1lises multidisciplinares, vontade pol\u00edtica e o envolvimento de toda a sociedade. As estat\u00edsticas, os n\u00fameros assustadores,&nbsp;<\/p>\n<p><a class=\"btn btn-style\" href=\"http:\/\/portalcatolico.net\/portal\/desafio-das-violencias\/\">Continue Reading<\/a><\/p>\n","protected":false},"author":2,"featured_media":51449,"comment_status":"open","ping_status":"open","sticky":false,"template":"","format":"standard","meta":{"footnotes":""},"categories":[69],"tags":[],"class_list":["post-51448","post","type-post","status-publish","format-standard","has-post-thumbnail","hentry","category-artigos"],"_links":{"self":[{"href":"http:\/\/portalcatolico.net\/portal\/wp-json\/wp\/v2\/posts\/51448","targetHints":{"allow":["GET"]}}],"collection":[{"href":"http:\/\/portalcatolico.net\/portal\/wp-json\/wp\/v2\/posts"}],"about":[{"href":"http:\/\/portalcatolico.net\/portal\/wp-json\/wp\/v2\/types\/post"}],"author":[{"embeddable":true,"href":"http:\/\/portalcatolico.net\/portal\/wp-json\/wp\/v2\/users\/2"}],"replies":[{"embeddable":true,"href":"http:\/\/portalcatolico.net\/portal\/wp-json\/wp\/v2\/comments?post=51448"}],"version-history":[{"count":1,"href":"http:\/\/portalcatolico.net\/portal\/wp-json\/wp\/v2\/posts\/51448\/revisions"}],"predecessor-version":[{"id":51450,"href":"http:\/\/portalcatolico.net\/portal\/wp-json\/wp\/v2\/posts\/51448\/revisions\/51450"}],"wp:featuredmedia":[{"embeddable":true,"href":"http:\/\/portalcatolico.net\/portal\/wp-json\/wp\/v2\/media\/51449"}],"wp:attachment":[{"href":"http:\/\/portalcatolico.net\/portal\/wp-json\/wp\/v2\/media?parent=51448"}],"wp:term":[{"taxonomy":"category","embeddable":true,"href":"http:\/\/portalcatolico.net\/portal\/wp-json\/wp\/v2\/categories?post=51448"},{"taxonomy":"post_tag","embeddable":true,"href":"http:\/\/portalcatolico.net\/portal\/wp-json\/wp\/v2\/tags?post=51448"}],"curies":[{"name":"wp","href":"https:\/\/api.w.org\/{rel}","templated":true}]}}