{"id":51444,"date":"2018-02-21T20:35:12","date_gmt":"2018-02-21T23:35:12","guid":{"rendered":"http:\/\/portalcatolico.net\/portal\/?p=51444"},"modified":"2018-02-21T20:35:12","modified_gmt":"2018-02-21T23:35:12","slug":"sexta-feira-e-dia-de-jejum-e-oracao","status":"publish","type":"post","link":"http:\/\/portalcatolico.net\/portal\/sexta-feira-e-dia-de-jejum-e-oracao\/","title":{"rendered":"Sexta-feira \u00e9 dia de jejum e ora\u00e7\u00e3o!"},"content":{"rendered":"<p class=\"m_7912176932359179484xgmail-msonospacing\"><em>A Diocese de Itabuna, no sul da Bahia, convida a todos para participarem de um momento de jejum e ora\u00e7\u00e3o, em obedi\u00eancia ao<\/em><em>\u00a0pedido\u00a0<\/em><em>do Papa Francisco, em nome da paz e devido o acontecimento da primeira semana da Quaresma.<u><\/u><u><\/u><\/em><\/p>\n<p class=\"m_7912176932359179484xgmail-msonospacing\"><em>O momento acontecer\u00e1 na pr\u00f3xima sexta-feira (23).<\/em><i><u><\/u><u><\/u><\/i><\/p>\n<p class=\"m_7912176932359179484xgmail-msonospacing\"><em>O Santo Padre, que fez este an\u00fancio depois de rezar o \u00c2ngelus no domingo, 4 de fevereiro, na Pra\u00e7a de S\u00e3o Pedro, disse que o dia de jejum e ora\u00e7\u00e3o ser\u00e1 oferecido especialmente para popula\u00e7\u00f5es da Rep\u00fablica Democr\u00e1tica do Congo e do Sud\u00e3o do Sul, ambos pa\u00edses africanos atingidos por conflitos civis.<\/em><u><\/u><u><\/u><\/p>\n<p class=\"m_7912176932359179484xgmail-msonospacing\">Participe!<\/p>\n<p class=\"m_7912176932359179484xgmail-msonospacing\">Por Anara Passos<\/p>\n","protected":false},"excerpt":{"rendered":"<p>A Diocese de Itabuna, no sul da Bahia, convida a todos para participarem de um momento de jejum e ora\u00e7\u00e3o, em obedi\u00eancia ao\u00a0pedido\u00a0do Papa Francisco, em nome da paz e devido o acontecimento da primeira semana da Quaresma. O momento acontecer\u00e1 na pr\u00f3xima sexta-feira (23). O Santo Padre, que fez este an\u00fancio depois de rezar&nbsp;<\/p>\n<p><a class=\"btn btn-style\" href=\"http:\/\/portalcatolico.net\/portal\/sexta-feira-e-dia-de-jejum-e-oracao\/\">Continue Reading<\/a><\/p>\n","protected":false},"author":2,"featured_media":51445,"comment_status":"open","ping_status":"open","sticky":false,"template":"","format":"standard","meta":{"footnotes":""},"categories":[1],"tags":[],"class_list":["post-51444","post","type-post","status-publish","format-standard","has-post-thumbnail","hentry","category-agenda"],"_links":{"self":[{"href":"http:\/\/portalcatolico.net\/portal\/wp-json\/wp\/v2\/posts\/51444","targetHints":{"allow":["GET"]}}],"collection":[{"href":"http:\/\/portalcatolico.net\/portal\/wp-json\/wp\/v2\/posts"}],"about":[{"href":"http:\/\/portalcatolico.net\/portal\/wp-json\/wp\/v2\/types\/post"}],"author":[{"embeddable":true,"href":"http:\/\/portalcatolico.net\/portal\/wp-json\/wp\/v2\/users\/2"}],"replies":[{"embeddable":true,"href":"http:\/\/portalcatolico.net\/portal\/wp-json\/wp\/v2\/comments?post=51444"}],"version-history":[{"count":1,"href":"http:\/\/portalcatolico.net\/portal\/wp-json\/wp\/v2\/posts\/51444\/revisions"}],"predecessor-version":[{"id":51446,"href":"http:\/\/portalcatolico.net\/portal\/wp-json\/wp\/v2\/posts\/51444\/revisions\/51446"}],"wp:featuredmedia":[{"embeddable":true,"href":"http:\/\/portalcatolico.net\/portal\/wp-json\/wp\/v2\/media\/51445"}],"wp:attachment":[{"href":"http:\/\/portalcatolico.net\/portal\/wp-json\/wp\/v2\/media?parent=51444"}],"wp:term":[{"taxonomy":"category","embeddable":true,"href":"http:\/\/portalcatolico.net\/portal\/wp-json\/wp\/v2\/categories?post=51444"},{"taxonomy":"post_tag","embeddable":true,"href":"http:\/\/portalcatolico.net\/portal\/wp-json\/wp\/v2\/tags?post=51444"}],"curies":[{"name":"wp","href":"https:\/\/api.w.org\/{rel}","templated":true}]}}