{"id":51441,"date":"2018-02-21T20:24:46","date_gmt":"2018-02-21T23:24:46","guid":{"rendered":"http:\/\/portalcatolico.net\/portal\/?p=51441"},"modified":"2018-02-21T20:24:46","modified_gmt":"2018-02-21T23:24:46","slug":"ha-17-anos-sao-joao-paulo-ii-criou-cardeal-o-agora-papa-francisco","status":"publish","type":"post","link":"http:\/\/portalcatolico.net\/portal\/ha-17-anos-sao-joao-paulo-ii-criou-cardeal-o-agora-papa-francisco\/","title":{"rendered":"H\u00e1 17 anos, S\u00e3o Jo\u00e3o Paulo II criou Cardeal o agora Papa Francisco"},"content":{"rendered":"<p>No dia 21 de fevereiro de 2001, h\u00e1 17 anos, S\u00e3o Jo\u00e3o Paulo II criou Cardeal o ent\u00e3o Arcebispo de Buenos Aires, Jorge Mario Bergoglio, que fazia parte do primeiro grupo de 43 novos\u00a0cardeais\u00a0do terceiro mil\u00eanio.<\/p>\n<p>Alguns anos depois, em 27 de abril de 2014, o Papa Francisco declarou santos S\u00e3o Jo\u00e3o Paulo II e S\u00e3o Jo\u00e3o XXIII, em uma cerim\u00f4nia hist\u00f3rica e sem precedentes, na qual reuniu os quatro Pont\u00edfices, com a presen\u00e7a do Papa Em\u00e9rito\u00a0Bento XVI.<\/p>\n<p>Jo\u00e3o Paulo II, que criou 231 cardeais durante aproximadamente 27 anos de pontificado, assinalou em 2001 que estes eram \u201cos primeiros cardeais criados no novo mil\u00eanio\u201d e destacou que, \u201cap\u00f3s ter bebido em abund\u00e2ncia nas fontes da miseric\u00f3rdia divina durante o Ano Santo\u201d, a barca m\u00edstica da\u00a0Igreja\u00a0se preparava \u201cpara \u2018se fazer novamente ao largo\u2019, para transmitir ao mundo a mensagem da salva\u00e7\u00e3o\u201d.<\/p>\n<p>Naquela ocasi\u00e3o, o Papa Wojtyla disse aos novos cardeais que \u201co mundo est\u00e1 se tornando cada vez mais complexo e mut\u00e1vel, e a consci\u00eancia viva de discrep\u00e2ncias existentes gera ou aumenta as contradi\u00e7\u00f5es e os desequil\u00edbrios\u201d.<\/p>\n<p>\u201cO enorme potencial do progresso cient\u00edfico e t\u00e9cnico, assim como o fen\u00f4meno da globaliza\u00e7\u00e3o, que ampliam continuamente novas \u00e1reas, nos exigem estar abertos ao di\u00e1logo com toda pessoa e com toda inst\u00e2ncia social a fim de dar a todos uma raz\u00e3o da esperan\u00e7a que levamos em nossos cora\u00e7\u00f5es\u201d, expressou.<\/p>\n<p>\u201cA fim de responder adequadamente \u00e0s novas tarefas, \u00e9 necess\u00e1rio cultivar uma comunh\u00e3o cada vez mais \u00edntima com o Senhor. A pr\u00f3pria cor p\u00farpura de vossas vestes recorda- vos essa urg\u00eancia. Essa cor n\u00e3o \u00e9 o s\u00edmbolo do amor apaixonado a Cristo? Nesse vermelho rutilante n\u00e3o est\u00e1 o fogo ardente do amor \u00e0 Igreja que deve igualmente alimentar em v\u00f3s a disponibilidade, se necess\u00e1rio, at\u00e9 o supremo testemunho do sangue?\u201d.<\/p>\n<p>\u201cAo contempl\u00e1-los, o povo de Deus deve poder encontrar um ponto de refer\u00eancia concreto e luminoso que o estimule a ser verdadeiramente luz do mundo e sal da terra\u201d, encorajou S\u00e3o Jo\u00e3o Paulo II.(ACI Digital)<\/p>\n<p>S\u00e3o Jo\u00e3o Paulo II e o Cardeal Jorge Mario Bergoglio<\/p>\n","protected":false},"excerpt":{"rendered":"<p>No dia 21 de fevereiro de 2001, h\u00e1 17 anos, S\u00e3o Jo\u00e3o Paulo II criou Cardeal o ent\u00e3o Arcebispo de Buenos Aires, Jorge Mario Bergoglio, que fazia parte do primeiro grupo de 43 novos\u00a0cardeais\u00a0do terceiro mil\u00eanio. Alguns anos depois, em 27 de abril de 2014, o Papa Francisco declarou santos S\u00e3o Jo\u00e3o Paulo II e&nbsp;<\/p>\n<p><a class=\"btn btn-style\" href=\"http:\/\/portalcatolico.net\/portal\/ha-17-anos-sao-joao-paulo-ii-criou-cardeal-o-agora-papa-francisco\/\">Continue Reading<\/a><\/p>\n","protected":false},"author":2,"featured_media":51442,"comment_status":"open","ping_status":"open","sticky":false,"template":"","format":"standard","meta":{"footnotes":""},"categories":[5],"tags":[],"class_list":["post-51441","post","type-post","status-publish","format-standard","has-post-thumbnail","hentry","category-igreja_no_mundo"],"_links":{"self":[{"href":"http:\/\/portalcatolico.net\/portal\/wp-json\/wp\/v2\/posts\/51441","targetHints":{"allow":["GET"]}}],"collection":[{"href":"http:\/\/portalcatolico.net\/portal\/wp-json\/wp\/v2\/posts"}],"about":[{"href":"http:\/\/portalcatolico.net\/portal\/wp-json\/wp\/v2\/types\/post"}],"author":[{"embeddable":true,"href":"http:\/\/portalcatolico.net\/portal\/wp-json\/wp\/v2\/users\/2"}],"replies":[{"embeddable":true,"href":"http:\/\/portalcatolico.net\/portal\/wp-json\/wp\/v2\/comments?post=51441"}],"version-history":[{"count":1,"href":"http:\/\/portalcatolico.net\/portal\/wp-json\/wp\/v2\/posts\/51441\/revisions"}],"predecessor-version":[{"id":51443,"href":"http:\/\/portalcatolico.net\/portal\/wp-json\/wp\/v2\/posts\/51441\/revisions\/51443"}],"wp:featuredmedia":[{"embeddable":true,"href":"http:\/\/portalcatolico.net\/portal\/wp-json\/wp\/v2\/media\/51442"}],"wp:attachment":[{"href":"http:\/\/portalcatolico.net\/portal\/wp-json\/wp\/v2\/media?parent=51441"}],"wp:term":[{"taxonomy":"category","embeddable":true,"href":"http:\/\/portalcatolico.net\/portal\/wp-json\/wp\/v2\/categories?post=51441"},{"taxonomy":"post_tag","embeddable":true,"href":"http:\/\/portalcatolico.net\/portal\/wp-json\/wp\/v2\/tags?post=51441"}],"curies":[{"name":"wp","href":"https:\/\/api.w.org\/{rel}","templated":true}]}}