{"id":51435,"date":"2018-02-20T20:41:24","date_gmt":"2018-02-20T23:41:24","guid":{"rendered":"http:\/\/portalcatolico.net\/portal\/?p=51435"},"modified":"2018-02-20T20:44:02","modified_gmt":"2018-02-20T23:44:02","slug":"papa-convida-jovens-a-participar-pela-internet-na-preparacao-do-sinodo-conteudo-publicado-em-gaudiumpress-org-no-link-httpwww-gaudiumpress-orgcontent93258-papa-convida-jovens-a-participar-pe","status":"publish","type":"post","link":"http:\/\/portalcatolico.net\/portal\/papa-convida-jovens-a-participar-pela-internet-na-preparacao-do-sinodo-conteudo-publicado-em-gaudiumpress-org-no-link-httpwww-gaudiumpress-orgcontent93258-papa-convida-jovens-a-participar-pe\/","title":{"rendered":"Papa convida jovens a participar, pela Internet, na prepara\u00e7\u00e3o do S\u00ednodo"},"content":{"rendered":"<p>Cerca de 300 jovens estar\u00e3o reunidos em Roma para prepara\u00e7\u00e3o do pr\u00f3ximo S\u00ednodo.<\/p>\n<p>O S\u00ednodo ser\u00e1 realizado em outubro e vai tratar precisamente sobre a Igreja e os jovens.<br \/>\nFoi por isso que no \u00faltimo Angelus o Papa pediu a todos os jovens que participem de um encontro em mar\u00e7o atrav\u00e9s da internet:<\/p>\n<p>&#8220;Quero que todos os jovens possam participar ativamente nos preparativos do S\u00ednodo. Por isso, poder\u00e3o intervir pela internet nos grupos lingu\u00edsticos que ser\u00e3o moderados por outros jovens. O aporte desses &#8220;grupos de internet&#8221; se unir\u00e1 \u00e0 reuni\u00e3o de Roma&#8221;.<\/p>\n<p><strong>Quaresma<\/strong><\/p>\n<p>Era o primeiro domingo da Quaresma e o Papa centralizou sua homilia no epis\u00f3dio das tenta\u00e7\u00f5es de Jesus no deserto.<\/p>\n<p>Francisco explicou que estas semanas s\u00e3o um per\u00edodo dedicado ao combate ao em todas as suas formas:<\/p>\n<p>&#8220;Tamb\u00e9m para n\u00f3s a Quaresma \u00e9 um per\u00edodo de &#8220;treino&#8221; espiritual: estamos chamados a enfrentar o maligno atrav\u00e9s da ora\u00e7\u00e3o, para poder, com a ajuda de Deus, venc\u00ea-lo em nossa vida di\u00e1ria.<\/p>\n<p>Por desgra\u00e7a, o mal atua em nossa exist\u00eancia e ao nosso redor com viol\u00eancia, afastamento do outro, isolamento, guerras e injusti\u00e7as&#8221;.<\/p>\n<p><strong>Arrependimento, convers\u00e3o, felicidade<\/strong><\/p>\n<p>O Papa ainda lembrou que a Quaresma \u00e9 um per\u00edodo de arrependimento e convers\u00e3o.<br \/>\nFrancisco disse que se trata de uma tarefa otimista, porque elimina o ego\u00edsmo e abre caminho para a aut\u00eantica felicidade:<\/p>\n<p>&#8220;S\u00f3 Deus pode nos dar a verdadeira felicidade: \u00e9 in\u00fatil que desperdicemos nosso tempo procurando-a em outro lado, em riquezas, prazeres, carreira&#8230;<\/p>\n<p>O Reino de Deus \u00e9 a realiza\u00e7\u00e3o de nossas aspira\u00e7\u00f5es mais profunda e aut\u00eanticas porque \u00e9, ao mesmo tempo, a salva\u00e7\u00e3o do homem e a gloria de Deus&#8221;.<\/p>\n<p>Fonte:Gaudiumpress<\/p>\n","protected":false},"excerpt":{"rendered":"<p>Cerca de 300 jovens estar\u00e3o reunidos em Roma para prepara\u00e7\u00e3o do pr\u00f3ximo S\u00ednodo. O S\u00ednodo ser\u00e1 realizado em outubro e vai tratar precisamente sobre a Igreja e os jovens. Foi por isso que no \u00faltimo Angelus o Papa pediu a todos os jovens que participem de um encontro em mar\u00e7o atrav\u00e9s da internet: &#8220;Quero que&nbsp;<\/p>\n<p><a class=\"btn btn-style\" href=\"http:\/\/portalcatolico.net\/portal\/papa-convida-jovens-a-participar-pela-internet-na-preparacao-do-sinodo-conteudo-publicado-em-gaudiumpress-org-no-link-httpwww-gaudiumpress-orgcontent93258-papa-convida-jovens-a-participar-pe\/\">Continue Reading<\/a><\/p>\n","protected":false},"author":2,"featured_media":51436,"comment_status":"open","ping_status":"open","sticky":false,"template":"","format":"standard","meta":{"footnotes":""},"categories":[5],"tags":[],"class_list":["post-51435","post","type-post","status-publish","format-standard","has-post-thumbnail","hentry","category-igreja_no_mundo"],"_links":{"self":[{"href":"http:\/\/portalcatolico.net\/portal\/wp-json\/wp\/v2\/posts\/51435","targetHints":{"allow":["GET"]}}],"collection":[{"href":"http:\/\/portalcatolico.net\/portal\/wp-json\/wp\/v2\/posts"}],"about":[{"href":"http:\/\/portalcatolico.net\/portal\/wp-json\/wp\/v2\/types\/post"}],"author":[{"embeddable":true,"href":"http:\/\/portalcatolico.net\/portal\/wp-json\/wp\/v2\/users\/2"}],"replies":[{"embeddable":true,"href":"http:\/\/portalcatolico.net\/portal\/wp-json\/wp\/v2\/comments?post=51435"}],"version-history":[{"count":2,"href":"http:\/\/portalcatolico.net\/portal\/wp-json\/wp\/v2\/posts\/51435\/revisions"}],"predecessor-version":[{"id":51439,"href":"http:\/\/portalcatolico.net\/portal\/wp-json\/wp\/v2\/posts\/51435\/revisions\/51439"}],"wp:featuredmedia":[{"embeddable":true,"href":"http:\/\/portalcatolico.net\/portal\/wp-json\/wp\/v2\/media\/51436"}],"wp:attachment":[{"href":"http:\/\/portalcatolico.net\/portal\/wp-json\/wp\/v2\/media?parent=51435"}],"wp:term":[{"taxonomy":"category","embeddable":true,"href":"http:\/\/portalcatolico.net\/portal\/wp-json\/wp\/v2\/categories?post=51435"},{"taxonomy":"post_tag","embeddable":true,"href":"http:\/\/portalcatolico.net\/portal\/wp-json\/wp\/v2\/tags?post=51435"}],"curies":[{"name":"wp","href":"https:\/\/api.w.org\/{rel}","templated":true}]}}