{"id":51432,"date":"2018-02-20T20:36:54","date_gmt":"2018-02-20T23:36:54","guid":{"rendered":"http:\/\/portalcatolico.net\/portal\/?p=51432"},"modified":"2018-02-20T20:36:54","modified_gmt":"2018-02-20T23:36:54","slug":"propostas-para-o-dia-mundial-do-pobre-2018-e-a-cf-2019-foram-debatidas-por-membros-do-consep","status":"publish","type":"post","link":"http:\/\/portalcatolico.net\/portal\/propostas-para-o-dia-mundial-do-pobre-2018-e-a-cf-2019-foram-debatidas-por-membros-do-consep\/","title":{"rendered":"Propostas para o Dia Mundial do Pobre 2018 e a CF 2019 foram debatidas por membros do Consep"},"content":{"rendered":"<p>Dois temas tomaram a maior parte do tempo da reuni\u00e3o dos bispos que integram o Conselho Episcopal Pastoral (Consep) da Confer\u00eancia Nacional dos Bispos do Brasil (CNBB) na tarde da segunda-feira, 19\/02: Campanha da Fraternidade 2019 e o Dia do Pobre. Integram o Consep a presid\u00eancia da CNBB e os presidentes das 12 Comiss\u00f5es Episcopais Pastorais da entidade.<\/p>\n<p>Institu\u00eddo em 2017 pelo Papa Francisco na conclus\u00e3o do Ano Santo extraordin\u00e1rio da Miseric\u00f3rdia , o Dia Mundial dos Pobres tem sua celebra\u00e7\u00e3o marcada para o XXXIII Domingo do Tempo Comum. No Brasil, a anima\u00e7\u00e3o e coordena\u00e7\u00e3o das atividades foi delegada \u00e0 C\u00e1ritas Brasileira, um dos organismos da Confer\u00eancia Nacional dos Bispos do Brasil (CNBB), por sua experi\u00eancia na realiza\u00e7\u00e3o da Semana da Solidariedade.<\/p>\n<p>O diretor-executivo da C\u00e1ritas Brasileira, Luiz Claudio Mandela, \u00a0apresentou aos bispos membros do Consep a proposta metodol\u00f3gica, bem como as atividades de sensibiliza\u00e7\u00e3o e mobiliza\u00e7\u00e3o para o ano de 2018, incluindo uma atividade na 56\u00aa Assembleia Geral, em Aparecidea (SP). A proposta \u00e9 realizar atividades durante uma semana denominada de \u201cJornada Mundial dos Pobres\u201d. Uma novidade, inspirada no papa Francisco, \u00e9 a realiza\u00e7\u00e3o de uma Mesa Fraterna Nacional.<\/p>\n<p>A proposta de trabalho recebeu emendas e sugest\u00f5es dos membros do Consep. Uma delas foi de dom Esmeraldo Barreto de Farias, bispo-auxiliar de S\u00e3o Lu\u00eds do Maranh\u00e3o e presidente da Comiss\u00e3o Episcopal Pastoral para a A\u00e7\u00e3o Mission\u00e1ria. Segundo ele \u00e9 necess\u00e1rio inserir, na jornada, o pobre como sujeito da Igreja e de direitos.<\/p>\n<p>Outro assunto debatido pelos participantes foi a primeira vers\u00e3o do texto m\u00e1rtir da Campanha da Fraternidade 2019 cujo tema \u00e9: \u201cFraternidade e Pol\u00edticas P\u00fablicas\u201d e o lema: \u201cSer\u00e1s libertado pelo direito e pela justi\u00e7a\u201d (Is 1, 27). Os participantes consideram que \u00e9 necess\u00e1rio traduzir o texto, em processo de elabora\u00e7\u00e3o por uma equipe de especialistas, para uma linguagem mais popular.(CNBB)<\/p>\n","protected":false},"excerpt":{"rendered":"<p>Dois temas tomaram a maior parte do tempo da reuni\u00e3o dos bispos que integram o Conselho Episcopal Pastoral (Consep) da Confer\u00eancia Nacional dos Bispos do Brasil (CNBB) na tarde da segunda-feira, 19\/02: Campanha da Fraternidade 2019 e o Dia do Pobre. Integram o Consep a presid\u00eancia da CNBB e os presidentes das 12 Comiss\u00f5es Episcopais&nbsp;<\/p>\n<p><a class=\"btn btn-style\" href=\"http:\/\/portalcatolico.net\/portal\/propostas-para-o-dia-mundial-do-pobre-2018-e-a-cf-2019-foram-debatidas-por-membros-do-consep\/\">Continue Reading<\/a><\/p>\n","protected":false},"author":2,"featured_media":51433,"comment_status":"open","ping_status":"open","sticky":false,"template":"","format":"standard","meta":{"footnotes":""},"categories":[4],"tags":[],"class_list":["post-51432","post","type-post","status-publish","format-standard","has-post-thumbnail","hentry","category-destaques"],"_links":{"self":[{"href":"http:\/\/portalcatolico.net\/portal\/wp-json\/wp\/v2\/posts\/51432","targetHints":{"allow":["GET"]}}],"collection":[{"href":"http:\/\/portalcatolico.net\/portal\/wp-json\/wp\/v2\/posts"}],"about":[{"href":"http:\/\/portalcatolico.net\/portal\/wp-json\/wp\/v2\/types\/post"}],"author":[{"embeddable":true,"href":"http:\/\/portalcatolico.net\/portal\/wp-json\/wp\/v2\/users\/2"}],"replies":[{"embeddable":true,"href":"http:\/\/portalcatolico.net\/portal\/wp-json\/wp\/v2\/comments?post=51432"}],"version-history":[{"count":1,"href":"http:\/\/portalcatolico.net\/portal\/wp-json\/wp\/v2\/posts\/51432\/revisions"}],"predecessor-version":[{"id":51434,"href":"http:\/\/portalcatolico.net\/portal\/wp-json\/wp\/v2\/posts\/51432\/revisions\/51434"}],"wp:featuredmedia":[{"embeddable":true,"href":"http:\/\/portalcatolico.net\/portal\/wp-json\/wp\/v2\/media\/51433"}],"wp:attachment":[{"href":"http:\/\/portalcatolico.net\/portal\/wp-json\/wp\/v2\/media?parent=51432"}],"wp:term":[{"taxonomy":"category","embeddable":true,"href":"http:\/\/portalcatolico.net\/portal\/wp-json\/wp\/v2\/categories?post=51432"},{"taxonomy":"post_tag","embeddable":true,"href":"http:\/\/portalcatolico.net\/portal\/wp-json\/wp\/v2\/tags?post=51432"}],"curies":[{"name":"wp","href":"https:\/\/api.w.org\/{rel}","templated":true}]}}