{"id":51429,"date":"2018-02-20T06:33:05","date_gmt":"2018-02-20T09:33:05","guid":{"rendered":"http:\/\/portalcatolico.net\/portal\/?p=51429"},"modified":"2018-02-20T06:33:05","modified_gmt":"2018-02-20T09:33:05","slug":"dom-aldemiro-celebra-missa-em-acao-de-gracas-apos-teologos-aprovarem-processo-de-beatificacao-de-frei-damiao","status":"publish","type":"post","link":"http:\/\/portalcatolico.net\/portal\/dom-aldemiro-celebra-missa-em-acao-de-gracas-apos-teologos-aprovarem-processo-de-beatificacao-de-frei-damiao\/","title":{"rendered":"Dom Aldemiro celebra missa em A\u00e7\u00e3o de Gra\u00e7as ap\u00f3s Te\u00f3logos aprovarem processo de beatifica\u00e7\u00e3o de Frei Dami\u00e3o"},"content":{"rendered":"<p>A Comiss\u00e3o dos Te\u00f3logos, na Congrega\u00e7\u00e3o das Causas do Santos, aprovou o processo de beatifica\u00e7\u00e3o de Frei Dami\u00e3o. De acordo com o postulador da causa, frei Jociel Gomes, o pr\u00f3ximo passo \u00e9 aguardar o parecer da Comiss\u00e3o dos Cardeais em Roma, na It\u00e1lia.<\/p>\n<p>Segundo o frei Jociel, o resultado desta pr\u00f3xima etapa dever\u00e1 ser divulgado nos pr\u00f3ximos oito meses, ainda sem data definida.<\/p>\n<p>Na manh\u00e3 deste domingo 18 de Fevereiro de 2018, o bispo da Diocese de Guarabira dom Aldemiro Sena dos Santos celebrou no Santu\u00e1rio Memorial Frei Dami\u00e3o uma Missa em A\u00e7\u00e3o de Gra\u00e7as pelo aprova\u00e7\u00e3o do processo de beatifica\u00e7\u00e3o do frade.<\/p>\n<p>Caso a Comiss\u00e3o dos Cardeais aprove, caber\u00e1 ao papa Francisco autorizar o decreto de vener\u00e1vel a Frei Dami\u00e3o. O j\u00e1 falecido frade capuchinho pode se tornar beato e, depois, santo, se tiver pelo menos dois milagres atribu\u00eddos a ele comprovados.<\/p>\n<p>Para o padre Jos\u00e9 Renato que \u00e9 o reitor da Santu\u00e1rio foi uma grande alegria em receber mais de 2 mil fi\u00e9is que vinheram de diversas localidades para junto com o bispo celebrar este momento de t\u00e3o grande import\u00e2ncia para todos os crist\u00e3os que vira e acompanharam o Frei Dami\u00e3o.<\/p>\n<p><img decoding=\"async\" src=\"http:\/\/srv-cluster01.com\/sites\/catedralnossasenhoradaluz.com.br\/images\/summer\/user_1260411469.jpg\" \/><br \/>\nFrei Dami\u00e3o de Bozzano, nascido Pio Giannotti, nasceu em Bozzano, na It\u00e1lia, em 5 de novembro de 1898. Aos 13 anos ele ingressou na vida religiosa, e em 1915, aos 17 anos, emitiu os primeiros votos religiosos e recebeu o nome de Dami\u00e3o.<\/p>\n<p>O frade capuchinho chegou ao Brasil em 1931 e durante 66 anos visitou diversas regi\u00f5es do pa\u00eds. Frei Dami\u00e3o era um mission\u00e1rio e arrastava centenas de pessoas por onde passava. Ele morreu aos 98 anos, no Recife.<\/p>\n<p>Informa\u00e7\u00f5es:Catedral Nossa Senhora da Luz\/PB<\/p>\n","protected":false},"excerpt":{"rendered":"<p>A Comiss\u00e3o dos Te\u00f3logos, na Congrega\u00e7\u00e3o das Causas do Santos, aprovou o processo de beatifica\u00e7\u00e3o de Frei Dami\u00e3o. De acordo com o postulador da causa, frei Jociel Gomes, o pr\u00f3ximo passo \u00e9 aguardar o parecer da Comiss\u00e3o dos Cardeais em Roma, na It\u00e1lia. Segundo o frei Jociel, o resultado desta pr\u00f3xima etapa dever\u00e1 ser divulgado&nbsp;<\/p>\n<p><a class=\"btn btn-style\" href=\"http:\/\/portalcatolico.net\/portal\/dom-aldemiro-celebra-missa-em-acao-de-gracas-apos-teologos-aprovarem-processo-de-beatificacao-de-frei-damiao\/\">Continue Reading<\/a><\/p>\n","protected":false},"author":2,"featured_media":51430,"comment_status":"open","ping_status":"open","sticky":false,"template":"","format":"standard","meta":{"footnotes":""},"categories":[4],"tags":[],"class_list":["post-51429","post","type-post","status-publish","format-standard","has-post-thumbnail","hentry","category-destaques"],"_links":{"self":[{"href":"http:\/\/portalcatolico.net\/portal\/wp-json\/wp\/v2\/posts\/51429","targetHints":{"allow":["GET"]}}],"collection":[{"href":"http:\/\/portalcatolico.net\/portal\/wp-json\/wp\/v2\/posts"}],"about":[{"href":"http:\/\/portalcatolico.net\/portal\/wp-json\/wp\/v2\/types\/post"}],"author":[{"embeddable":true,"href":"http:\/\/portalcatolico.net\/portal\/wp-json\/wp\/v2\/users\/2"}],"replies":[{"embeddable":true,"href":"http:\/\/portalcatolico.net\/portal\/wp-json\/wp\/v2\/comments?post=51429"}],"version-history":[{"count":1,"href":"http:\/\/portalcatolico.net\/portal\/wp-json\/wp\/v2\/posts\/51429\/revisions"}],"predecessor-version":[{"id":51431,"href":"http:\/\/portalcatolico.net\/portal\/wp-json\/wp\/v2\/posts\/51429\/revisions\/51431"}],"wp:featuredmedia":[{"embeddable":true,"href":"http:\/\/portalcatolico.net\/portal\/wp-json\/wp\/v2\/media\/51430"}],"wp:attachment":[{"href":"http:\/\/portalcatolico.net\/portal\/wp-json\/wp\/v2\/media?parent=51429"}],"wp:term":[{"taxonomy":"category","embeddable":true,"href":"http:\/\/portalcatolico.net\/portal\/wp-json\/wp\/v2\/categories?post=51429"},{"taxonomy":"post_tag","embeddable":true,"href":"http:\/\/portalcatolico.net\/portal\/wp-json\/wp\/v2\/tags?post=51429"}],"curies":[{"name":"wp","href":"https:\/\/api.w.org\/{rel}","templated":true}]}}