{"id":51424,"date":"2018-02-19T22:29:20","date_gmt":"2018-02-20T01:29:20","guid":{"rendered":"http:\/\/portalcatolico.net\/portal\/?p=51424"},"modified":"2018-02-19T22:35:54","modified_gmt":"2018-02-20T01:35:54","slug":"padres-da-diocese-de-itabuna-estao-em-retiro-espiritual","status":"publish","type":"post","link":"http:\/\/portalcatolico.net\/portal\/padres-da-diocese-de-itabuna-estao-em-retiro-espiritual\/","title":{"rendered":"Padres da Diocese de Itabuna est\u00e3o em Retiro Espiritual"},"content":{"rendered":"<div dir=\"auto\"><i>Come\u00e7ou nesta segunda-feira (19), na Diocese de Itabuna, o Retiro Espiritual para o clero diocesano. Desta vez, o local escolhido para a realiza\u00e7\u00e3o dos dias de recolhimento e medita\u00e7\u00f5es foi o Centro Pastoral Diocesano, situado no bairro Jardim Vit\u00f3ria em Itabuna (BA).<\/i><\/div>\n<div dir=\"auto\"><i>O bispo, Dom Carlos Alberto dos Santos,\u00a0 pediu para que todos os leigos \u00a0rezassem pelos padres, pois s\u00e3o cinco dias de medita\u00e7\u00e3o, missa, sil\u00eancio e ora\u00e7\u00e3o pessoal, para que ele retornem \u00e0s suas atividades, mais fortalecidos e revigorados<\/i>\u00a0para\u00a0<i>seguir com firmeza na vida pastoral e presbiteral.<\/i><\/div>\n<div dir=\"auto\">O Retiro termina na pr\u00f3xima sexta-feira, 23.<br \/>\nFoto: Arguivo\/Portal Cat\u00f3lico<\/div>\n<div dir=\"auto\">Edi\u00e7\u00e3o de texto: Anara Passos (Comunic\u00f3loga- DRT 7574)<\/div>\n","protected":false},"excerpt":{"rendered":"<p>Come\u00e7ou nesta segunda-feira (19), na Diocese de Itabuna, o Retiro Espiritual para o clero diocesano. Desta vez, o local escolhido para a realiza\u00e7\u00e3o dos dias de recolhimento e medita\u00e7\u00f5es foi o Centro Pastoral Diocesano, situado no bairro Jardim Vit\u00f3ria em Itabuna (BA). O bispo, Dom Carlos Alberto dos Santos,\u00a0 pediu para que todos os leigos&nbsp;<\/p>\n<p><a class=\"btn btn-style\" href=\"http:\/\/portalcatolico.net\/portal\/padres-da-diocese-de-itabuna-estao-em-retiro-espiritual\/\">Continue Reading<\/a><\/p>\n","protected":false},"author":2,"featured_media":51425,"comment_status":"open","ping_status":"open","sticky":false,"template":"","format":"standard","meta":{"footnotes":""},"categories":[4],"tags":[],"class_list":["post-51424","post","type-post","status-publish","format-standard","has-post-thumbnail","hentry","category-destaques"],"_links":{"self":[{"href":"http:\/\/portalcatolico.net\/portal\/wp-json\/wp\/v2\/posts\/51424","targetHints":{"allow":["GET"]}}],"collection":[{"href":"http:\/\/portalcatolico.net\/portal\/wp-json\/wp\/v2\/posts"}],"about":[{"href":"http:\/\/portalcatolico.net\/portal\/wp-json\/wp\/v2\/types\/post"}],"author":[{"embeddable":true,"href":"http:\/\/portalcatolico.net\/portal\/wp-json\/wp\/v2\/users\/2"}],"replies":[{"embeddable":true,"href":"http:\/\/portalcatolico.net\/portal\/wp-json\/wp\/v2\/comments?post=51424"}],"version-history":[{"count":2,"href":"http:\/\/portalcatolico.net\/portal\/wp-json\/wp\/v2\/posts\/51424\/revisions"}],"predecessor-version":[{"id":51428,"href":"http:\/\/portalcatolico.net\/portal\/wp-json\/wp\/v2\/posts\/51424\/revisions\/51428"}],"wp:featuredmedia":[{"embeddable":true,"href":"http:\/\/portalcatolico.net\/portal\/wp-json\/wp\/v2\/media\/51425"}],"wp:attachment":[{"href":"http:\/\/portalcatolico.net\/portal\/wp-json\/wp\/v2\/media?parent=51424"}],"wp:term":[{"taxonomy":"category","embeddable":true,"href":"http:\/\/portalcatolico.net\/portal\/wp-json\/wp\/v2\/categories?post=51424"},{"taxonomy":"post_tag","embeddable":true,"href":"http:\/\/portalcatolico.net\/portal\/wp-json\/wp\/v2\/tags?post=51424"}],"curies":[{"name":"wp","href":"https:\/\/api.w.org\/{rel}","templated":true}]}}