{"id":51414,"date":"2018-02-19T22:19:15","date_gmt":"2018-02-20T01:19:15","guid":{"rendered":"http:\/\/portalcatolico.net\/portal\/?p=51414"},"modified":"2018-02-19T22:24:56","modified_gmt":"2018-02-20T01:24:56","slug":"fieis-recebem-o-sacramento-da-crisma-em-itabuna","status":"publish","type":"post","link":"http:\/\/portalcatolico.net\/portal\/fieis-recebem-o-sacramento-da-crisma-em-itabuna\/","title":{"rendered":"Fieis recebem o Sacramento da Crisma em Itabuna"},"content":{"rendered":"<div dir=\"auto\"><i>A Par\u00f3quia Nossa Senhora de F\u00e1tima \u00a0realizou neste \u00faltimo domingo (18), a confirma\u00e7\u00e3o do sacramento da Crisma para oito jovens e adultos, numa Celebra\u00e7\u00e3o Eucar\u00edstica presidida pelo Bispo da Diocese de Itabuna, Dom Carlos Alberto dos Santos, e\u00a0concelebrada pelo padre Nicolau Klak, (p\u00e1roco na Igreja matriz), al\u00e9m dos di\u00e1conos permanentes da Diocese de Itabuna, Jos\u00e9 Ara\u00fajo Filho e Trajano Oswaldo \u00a0Oliveira Ribeiro<\/i>.<\/div>\n<div dir=\"auto\"><i>A cerim\u00f4nia aconteceu \u00e0s 19h, com a igreja completamente cheia, que al\u00e9m da presen\u00e7a dos crismandos, estava repleta de pais, padrinhos, \u00a0familiares e paroquianos.<\/i><\/div>\n<div dir=\"auto\"><\/div>\n<div dir=\"auto\"><i>O sacramento da Confirma\u00e7\u00e3o da Crisma juntamente com os sacramentos do Batismo e da Eucaristia, constituem o bloco dos sacramentos da inicia\u00e7\u00e3o crist\u00e3. \u00c9 o sacramento que confirma o Batismo. Antes de receb\u00ea-lo, o crist\u00e3o j\u00e1 recebeu o Batismo, o Perd\u00e3o e o da Eucaristia.\u00a0<\/i><\/div>\n<div dir=\"auto\"><\/div>\n<div dir=\"auto\"><i>Fotos: Reprodu\u00e7\u00e3o\/Facebook-Paroquia Nossa Senhora de\u00a0F\u00e1tima<\/i><\/div>\n<div dir=\"auto\"><img loading=\"lazy\" decoding=\"async\" class=\"alignnone size-medium wp-image-51416\" src=\"http:\/\/portalcatolico.net\/portal\/wp-content\/uploads\/2018\/02\/28167976_1822672977783445_7834880364741509311_n-300x200.jpg\" alt=\"28167976_1822672977783445_7834880364741509311_n\" width=\"300\" height=\"200\" srcset=\"http:\/\/portalcatolico.net\/portal\/wp-content\/uploads\/2018\/02\/28167976_1822672977783445_7834880364741509311_n-300x200.jpg 300w, http:\/\/portalcatolico.net\/portal\/wp-content\/uploads\/2018\/02\/28167976_1822672977783445_7834880364741509311_n-768x512.jpg 768w, http:\/\/portalcatolico.net\/portal\/wp-content\/uploads\/2018\/02\/28167976_1822672977783445_7834880364741509311_n.jpg 960w\" sizes=\"auto, (max-width: 300px) 100vw, 300px\" \/><img loading=\"lazy\" decoding=\"async\" class=\"alignnone size-medium wp-image-51418\" src=\"http:\/\/portalcatolico.net\/portal\/wp-content\/uploads\/2018\/02\/28166505_1822674027783340_6115056010922231242_n-300x200.jpg\" alt=\"28166505_1822674027783340_6115056010922231242_n\" width=\"300\" height=\"200\" srcset=\"http:\/\/portalcatolico.net\/portal\/wp-content\/uploads\/2018\/02\/28166505_1822674027783340_6115056010922231242_n-300x200.jpg 300w, http:\/\/portalcatolico.net\/portal\/wp-content\/uploads\/2018\/02\/28166505_1822674027783340_6115056010922231242_n-768x512.jpg 768w, http:\/\/portalcatolico.net\/portal\/wp-content\/uploads\/2018\/02\/28166505_1822674027783340_6115056010922231242_n.jpg 960w\" sizes=\"auto, (max-width: 300px) 100vw, 300px\" \/><\/div>\n<div dir=\"auto\"><img loading=\"lazy\" decoding=\"async\" class=\"alignnone size-medium wp-image-51420\" src=\"http:\/\/portalcatolico.net\/portal\/wp-content\/uploads\/2018\/02\/27972660_1822675277783215_8576947313977159241_n-300x200.jpg\" alt=\"27972660_1822675277783215_8576947313977159241_n\" width=\"300\" height=\"200\" srcset=\"http:\/\/portalcatolico.net\/portal\/wp-content\/uploads\/2018\/02\/27972660_1822675277783215_8576947313977159241_n-300x200.jpg 300w, http:\/\/portalcatolico.net\/portal\/wp-content\/uploads\/2018\/02\/27972660_1822675277783215_8576947313977159241_n-768x512.jpg 768w, http:\/\/portalcatolico.net\/portal\/wp-content\/uploads\/2018\/02\/27972660_1822675277783215_8576947313977159241_n.jpg 960w\" sizes=\"auto, (max-width: 300px) 100vw, 300px\" \/><img loading=\"lazy\" decoding=\"async\" class=\"alignnone size-medium wp-image-51421\" src=\"http:\/\/portalcatolico.net\/portal\/wp-content\/uploads\/2018\/02\/27971948_1822675421116534_5428312608878253486_n-300x200.jpg\" alt=\"27971948_1822675421116534_5428312608878253486_n\" width=\"300\" height=\"200\" srcset=\"http:\/\/portalcatolico.net\/portal\/wp-content\/uploads\/2018\/02\/27971948_1822675421116534_5428312608878253486_n-300x200.jpg 300w, http:\/\/portalcatolico.net\/portal\/wp-content\/uploads\/2018\/02\/27971948_1822675421116534_5428312608878253486_n-768x512.jpg 768w, http:\/\/portalcatolico.net\/portal\/wp-content\/uploads\/2018\/02\/27971948_1822675421116534_5428312608878253486_n.jpg 960w\" sizes=\"auto, (max-width: 300px) 100vw, 300px\" \/><\/div>\n<p>&nbsp;<\/p>\n","protected":false},"excerpt":{"rendered":"<p>A Par\u00f3quia Nossa Senhora de F\u00e1tima \u00a0realizou neste \u00faltimo domingo (18), a confirma\u00e7\u00e3o do sacramento da Crisma para oito jovens e adultos, numa Celebra\u00e7\u00e3o Eucar\u00edstica presidida pelo Bispo da Diocese de Itabuna, Dom Carlos Alberto dos Santos, e\u00a0concelebrada pelo padre Nicolau Klak, (p\u00e1roco na Igreja matriz), al\u00e9m dos di\u00e1conos permanentes da Diocese de Itabuna, Jos\u00e9&nbsp;<\/p>\n<p><a class=\"btn btn-style\" href=\"http:\/\/portalcatolico.net\/portal\/fieis-recebem-o-sacramento-da-crisma-em-itabuna\/\">Continue Reading<\/a><\/p>\n","protected":false},"author":2,"featured_media":51415,"comment_status":"open","ping_status":"open","sticky":false,"template":"","format":"standard","meta":{"footnotes":""},"categories":[2],"tags":[],"class_list":["post-51414","post","type-post","status-publish","format-standard","has-post-thumbnail","hentry","category-eventos"],"_links":{"self":[{"href":"http:\/\/portalcatolico.net\/portal\/wp-json\/wp\/v2\/posts\/51414","targetHints":{"allow":["GET"]}}],"collection":[{"href":"http:\/\/portalcatolico.net\/portal\/wp-json\/wp\/v2\/posts"}],"about":[{"href":"http:\/\/portalcatolico.net\/portal\/wp-json\/wp\/v2\/types\/post"}],"author":[{"embeddable":true,"href":"http:\/\/portalcatolico.net\/portal\/wp-json\/wp\/v2\/users\/2"}],"replies":[{"embeddable":true,"href":"http:\/\/portalcatolico.net\/portal\/wp-json\/wp\/v2\/comments?post=51414"}],"version-history":[{"count":3,"href":"http:\/\/portalcatolico.net\/portal\/wp-json\/wp\/v2\/posts\/51414\/revisions"}],"predecessor-version":[{"id":51423,"href":"http:\/\/portalcatolico.net\/portal\/wp-json\/wp\/v2\/posts\/51414\/revisions\/51423"}],"wp:featuredmedia":[{"embeddable":true,"href":"http:\/\/portalcatolico.net\/portal\/wp-json\/wp\/v2\/media\/51415"}],"wp:attachment":[{"href":"http:\/\/portalcatolico.net\/portal\/wp-json\/wp\/v2\/media?parent=51414"}],"wp:term":[{"taxonomy":"category","embeddable":true,"href":"http:\/\/portalcatolico.net\/portal\/wp-json\/wp\/v2\/categories?post=51414"},{"taxonomy":"post_tag","embeddable":true,"href":"http:\/\/portalcatolico.net\/portal\/wp-json\/wp\/v2\/tags?post=51414"}],"curies":[{"name":"wp","href":"https:\/\/api.w.org\/{rel}","templated":true}]}}