{"id":51403,"date":"2018-02-19T21:29:15","date_gmt":"2018-02-20T00:29:15","guid":{"rendered":"http:\/\/portalcatolico.net\/portal\/?p=51403"},"modified":"2018-02-19T21:29:56","modified_gmt":"2018-02-20T00:29:56","slug":"buerarema-a-associacao-casa-da-crianca-padre-jose-carlos-promoveu-o-dia-de-visita-da-comunidade-a-casa","status":"publish","type":"post","link":"http:\/\/portalcatolico.net\/portal\/buerarema-a-associacao-casa-da-crianca-padre-jose-carlos-promoveu-o-dia-de-visita-da-comunidade-a-casa\/","title":{"rendered":"BUERAREMA- A ASSOCIA\u00c7\u00c3O CASA DA CRIAN\u00c7A PADRE JOS\u00c9 CARLOS  PROMOVEU O DIA DE VISITA DA COMUNIDADE \u00c0 CASA"},"content":{"rendered":"<p>Centenas de pessoas\u00a0 compareceram\u00a0 \u00e0 Casa da Crian\u00e7a Padre Jos\u00e9 Carlos no \u00faltimo domingo, dia 18, para o &#8220;Dia de Visita&#8221; promovido pelos seus colaboradores. Com a finalidade de fortalecer parcerias com a comunidade, a Casa da Crian\u00e7a divulgou os seus trabalhos durante toda manh\u00e3 a todos presentes. &#8220;Esse dia \u00a0\u00e9 de grande import\u00e2ncia porque \u00a0estamos apresentando as oficinas que a gente realiza na<img loading=\"lazy\" decoding=\"async\" class=\" wp-image-51405 alignright\" src=\"http:\/\/portalcatolico.net\/portal\/wp-content\/uploads\/2018\/02\/IMG-20180218-WA0020-300x225.jpg\" alt=\"IMG-20180218-WA0020\" width=\"244\" height=\"183\" srcset=\"http:\/\/portalcatolico.net\/portal\/wp-content\/uploads\/2018\/02\/IMG-20180218-WA0020-300x225.jpg 300w, http:\/\/portalcatolico.net\/portal\/wp-content\/uploads\/2018\/02\/IMG-20180218-WA0020-768x576.jpg 768w, http:\/\/portalcatolico.net\/portal\/wp-content\/uploads\/2018\/02\/IMG-20180218-WA0020-1024x768.jpg 1024w, http:\/\/portalcatolico.net\/portal\/wp-content\/uploads\/2018\/02\/IMG-20180218-WA0020.jpg 1280w\" sizes=\"auto, (max-width: 244px) 100vw, 244px\" \/> rotina, pois muitas pessoas da nossa comunidade desconhecem as atividades da Casa da Crian\u00e7a. Assim, conhecendo melhor, possam se envolver mais nos trabalhos volunt\u00e1rios , nas contribui\u00e7\u00f5es de recursos financeiros ou nas doa\u00e7\u00f5es de materiais pedag\u00f3gicos&#8221;.Reitera Eug\u00eania Sanjuan, Coordenadora das Atividades Pedag\u00f3gicas.<\/p>\n<p>Ofertando diversas atividades como oficinas pedag\u00f3gicas, aula de flauta, capoeira,\u00a0jiu jitsu, alfabetiza\u00e7\u00e3o e letramento, curso de pintura, educa\u00e7\u00e3o nutricional, educa\u00e7\u00e3o para higiene bucal,entre outros, a Casa da Crian\u00e7a vem proporcionando as crian\u00e7as de baixa renda qualidade na aprendizagem\u00a0\u00a0 &#8221; Amo participar das oficinas. Aqui me sinto feliz!&#8221; Fala Patrick Bernardo, crian\u00e7a assistida pela Casa.<\/p>\n<p>Com uma estrutura ampla, seguindo os padr\u00f5es recomendados com salas,refeit\u00f3rios , cozinha, banheiros, espa\u00e7o recreativo e horta, a Casa da Crian\u00e7a est\u00e1 com os dormit\u00f3rios e a sala de computa\u00e7\u00e3o na fase de conclus\u00e3o &#8220;Fiquei encantada com toda essa infraestrutura. O espa\u00e7o \u00e9 surpreendente e os volunt\u00e1rios s\u00e3o excelentes.Todos trabalhando com muito amor! \u00c9 a primeira vez que visito e sugiro que todos de Buerarema e regi\u00e3o venham fazer uma visita e conferir as oficinas realizadas aqui&#8221;. Disse a professora Elisabete Cec\u00edlio.<\/p>\n<p>Idealizada pelo Padre Jos\u00e9 Carlos e fundada em 2008\u00a0\u00a0com ajuda da Associa\u00e7\u00e3o Italiana de Solidariedade (AGAPE) tendo como \u00a0representantes Dom Enzo e Lucia Marcheselli, a Casa da Crian\u00e7a atende mais de 80 crian\u00e7as e uma de suas\u00a0 propostas segundo Eug\u00eania Sanjuan \u00e9 ampliar\u00a0 o n\u00famero de crian\u00e7as assistidas pela Casa \u00a0&#8220;O nosso projeto futuro \u00e9 atender a mais de 100 crian\u00e7as, mas para que <img loading=\"lazy\" decoding=\"async\" class=\" wp-image-51406 alignleft\" src=\"http:\/\/portalcatolico.net\/portal\/wp-content\/uploads\/2018\/02\/IMG-20180218-WA0025-300x225.jpg\" alt=\"IMG-20180218-WA0025\" width=\"231\" height=\"173\" srcset=\"http:\/\/portalcatolico.net\/portal\/wp-content\/uploads\/2018\/02\/IMG-20180218-WA0025-300x225.jpg 300w, http:\/\/portalcatolico.net\/portal\/wp-content\/uploads\/2018\/02\/IMG-20180218-WA0025-768x576.jpg 768w, http:\/\/portalcatolico.net\/portal\/wp-content\/uploads\/2018\/02\/IMG-20180218-WA0025-1024x768.jpg 1024w, http:\/\/portalcatolico.net\/portal\/wp-content\/uploads\/2018\/02\/IMG-20180218-WA0025.jpg 1280w\" sizes=\"auto, (max-width: 231px) 100vw, 231px\" \/>isso aconte\u00e7a, precisamos de mais volunt\u00e1rios para ampliar a oferta de oficinas, garantindo uma aprendizagem significativa&#8221;. Ainda de acordo com Eug\u00eania, uma das grandes necessidades da Casa da Crian\u00e7a, al\u00e9m de fechar parcerias com mais colaboradores,est\u00e1 relacionada ao\u00a0 cal\u00e7amento da rua onde \u00a0est\u00e1 localizada &#8220;N\u00f3s presenciamos diariamente as crian\u00e7as se atolando na lama, a gente sempre d\u00e1 um jeito, mas \u00e9 muito complicado.Seria fundamental que a nossa rua fosse cal\u00e7ada&#8221;. A Casa da Crian\u00e7a fica na \u00a0<strong>2\u00aa<\/strong>\u00a0Travessa\u00a0 da rua Floriano Peixoto, 51, centro, Buerarema, BA.<\/p>\n<p>Est\u00e1 aberta de segunda a sexta das 8h \u00e0s 17h e aos s\u00e1bados das 8h \u00e0s 12h.<\/p>\n<p>Quer saber mais? Acesse o site: <a href=\"http:\/\/www.casadacriancapadrejosecarlos.org\">www.casadacriancapadrejosecarlos.org<\/a><\/p>\n<p><strong>Texto:Adriana Alc\u00e2ntara<\/strong><\/p>\n<p><img loading=\"lazy\" decoding=\"async\" class=\"alignnone size-medium wp-image-51407\" src=\"http:\/\/portalcatolico.net\/portal\/wp-content\/uploads\/2018\/02\/IMG-20180218-WA0030-300x225.jpg\" alt=\"IMG-20180218-WA0030\" width=\"300\" height=\"225\" srcset=\"http:\/\/portalcatolico.net\/portal\/wp-content\/uploads\/2018\/02\/IMG-20180218-WA0030-300x225.jpg 300w, http:\/\/portalcatolico.net\/portal\/wp-content\/uploads\/2018\/02\/IMG-20180218-WA0030-768x576.jpg 768w, http:\/\/portalcatolico.net\/portal\/wp-content\/uploads\/2018\/02\/IMG-20180218-WA0030-1024x768.jpg 1024w, http:\/\/portalcatolico.net\/portal\/wp-content\/uploads\/2018\/02\/IMG-20180218-WA0030.jpg 1280w\" sizes=\"auto, (max-width: 300px) 100vw, 300px\" \/> <img loading=\"lazy\" decoding=\"async\" class=\"alignnone size-medium wp-image-51408\" src=\"http:\/\/portalcatolico.net\/portal\/wp-content\/uploads\/2018\/02\/IMG-20180218-WA0032-300x225.jpg\" alt=\"IMG-20180218-WA0032\" width=\"300\" height=\"225\" srcset=\"http:\/\/portalcatolico.net\/portal\/wp-content\/uploads\/2018\/02\/IMG-20180218-WA0032-300x225.jpg 300w, http:\/\/portalcatolico.net\/portal\/wp-content\/uploads\/2018\/02\/IMG-20180218-WA0032-768x576.jpg 768w, http:\/\/portalcatolico.net\/portal\/wp-content\/uploads\/2018\/02\/IMG-20180218-WA0032-1024x768.jpg 1024w, http:\/\/portalcatolico.net\/portal\/wp-content\/uploads\/2018\/02\/IMG-20180218-WA0032.jpg 1280w\" sizes=\"auto, (max-width: 300px) 100vw, 300px\" \/> <img loading=\"lazy\" decoding=\"async\" class=\"alignnone size-medium wp-image-51409\" src=\"http:\/\/portalcatolico.net\/portal\/wp-content\/uploads\/2018\/02\/IMG-20180218-WA0033-300x225.jpg\" alt=\"IMG-20180218-WA0033\" width=\"300\" height=\"225\" srcset=\"http:\/\/portalcatolico.net\/portal\/wp-content\/uploads\/2018\/02\/IMG-20180218-WA0033-300x225.jpg 300w, http:\/\/portalcatolico.net\/portal\/wp-content\/uploads\/2018\/02\/IMG-20180218-WA0033-768x576.jpg 768w, http:\/\/portalcatolico.net\/portal\/wp-content\/uploads\/2018\/02\/IMG-20180218-WA0033-1024x768.jpg 1024w, http:\/\/portalcatolico.net\/portal\/wp-content\/uploads\/2018\/02\/IMG-20180218-WA0033.jpg 1280w\" sizes=\"auto, (max-width: 300px) 100vw, 300px\" \/> <img loading=\"lazy\" decoding=\"async\" class=\"alignnone size-medium wp-image-51410\" src=\"http:\/\/portalcatolico.net\/portal\/wp-content\/uploads\/2018\/02\/IMG-20180218-WA0036-300x225.jpg\" alt=\"IMG-20180218-WA0036\" width=\"300\" height=\"225\" srcset=\"http:\/\/portalcatolico.net\/portal\/wp-content\/uploads\/2018\/02\/IMG-20180218-WA0036-300x225.jpg 300w, http:\/\/portalcatolico.net\/portal\/wp-content\/uploads\/2018\/02\/IMG-20180218-WA0036-768x576.jpg 768w, http:\/\/portalcatolico.net\/portal\/wp-content\/uploads\/2018\/02\/IMG-20180218-WA0036-1024x768.jpg 1024w, http:\/\/portalcatolico.net\/portal\/wp-content\/uploads\/2018\/02\/IMG-20180218-WA0036.jpg 1280w\" sizes=\"auto, (max-width: 300px) 100vw, 300px\" \/><\/p>\n","protected":false},"excerpt":{"rendered":"<p>Centenas de pessoas\u00a0 compareceram\u00a0 \u00e0 Casa da Crian\u00e7a Padre Jos\u00e9 Carlos no \u00faltimo domingo, dia 18, para o &#8220;Dia de Visita&#8221; promovido pelos seus colaboradores. Com a finalidade de fortalecer parcerias com a comunidade, a Casa da Crian\u00e7a divulgou os seus trabalhos durante toda manh\u00e3 a todos presentes. &#8220;Esse dia \u00a0\u00e9 de grande import\u00e2ncia porque&nbsp;<\/p>\n<p><a class=\"btn btn-style\" href=\"http:\/\/portalcatolico.net\/portal\/buerarema-a-associacao-casa-da-crianca-padre-jose-carlos-promoveu-o-dia-de-visita-da-comunidade-a-casa\/\">Continue Reading<\/a><\/p>\n","protected":false},"author":2,"featured_media":51404,"comment_status":"open","ping_status":"open","sticky":false,"template":"","format":"standard","meta":{"footnotes":""},"categories":[69],"tags":[],"class_list":["post-51403","post","type-post","status-publish","format-standard","has-post-thumbnail","hentry","category-artigos"],"_links":{"self":[{"href":"http:\/\/portalcatolico.net\/portal\/wp-json\/wp\/v2\/posts\/51403","targetHints":{"allow":["GET"]}}],"collection":[{"href":"http:\/\/portalcatolico.net\/portal\/wp-json\/wp\/v2\/posts"}],"about":[{"href":"http:\/\/portalcatolico.net\/portal\/wp-json\/wp\/v2\/types\/post"}],"author":[{"embeddable":true,"href":"http:\/\/portalcatolico.net\/portal\/wp-json\/wp\/v2\/users\/2"}],"replies":[{"embeddable":true,"href":"http:\/\/portalcatolico.net\/portal\/wp-json\/wp\/v2\/comments?post=51403"}],"version-history":[{"count":2,"href":"http:\/\/portalcatolico.net\/portal\/wp-json\/wp\/v2\/posts\/51403\/revisions"}],"predecessor-version":[{"id":51412,"href":"http:\/\/portalcatolico.net\/portal\/wp-json\/wp\/v2\/posts\/51403\/revisions\/51412"}],"wp:featuredmedia":[{"embeddable":true,"href":"http:\/\/portalcatolico.net\/portal\/wp-json\/wp\/v2\/media\/51404"}],"wp:attachment":[{"href":"http:\/\/portalcatolico.net\/portal\/wp-json\/wp\/v2\/media?parent=51403"}],"wp:term":[{"taxonomy":"category","embeddable":true,"href":"http:\/\/portalcatolico.net\/portal\/wp-json\/wp\/v2\/categories?post=51403"},{"taxonomy":"post_tag","embeddable":true,"href":"http:\/\/portalcatolico.net\/portal\/wp-json\/wp\/v2\/tags?post=51403"}],"curies":[{"name":"wp","href":"https:\/\/api.w.org\/{rel}","templated":true}]}}