{"id":51396,"date":"2018-02-19T06:17:00","date_gmt":"2018-02-19T09:17:00","guid":{"rendered":"http:\/\/portalcatolico.net\/portal\/?p=51396"},"modified":"2018-02-19T06:17:00","modified_gmt":"2018-02-19T09:17:00","slug":"ano-do-laicato-e-celebrado-pelas-dioceses-do-brasil","status":"publish","type":"post","link":"http:\/\/portalcatolico.net\/portal\/ano-do-laicato-e-celebrado-pelas-dioceses-do-brasil\/","title":{"rendered":"Ano do laicato \u00e9 celebrado pelas dioceses do Brasil"},"content":{"rendered":"<div dir=\"auto\">A Igreja no Brasil est\u00e1 celebrandi o\u00a0Ano Nacional do Laicato, com o tema: \u201cCrist\u00e3os leigos e leigas, sujeitos na \u2018Igreja em sa\u00edda\u2019, a servi\u00e7o do Reino\u201d e o lema: \u201cSal da Terra e Luz do Mundo\u201d, Mt 5,13-14.<\/p>\n<\/div>\n<div dir=\"auto\">Dando in\u00edcio \u00e0s atividades de forma\u00e7\u00e3o para o ano do laicato, a comiss\u00e3o diocesana realizou uma celebra\u00e7\u00e3o presidida pelo Bispo Dom Mauro Montagnoli, no dia 16 de fevereiro, \u00e0s 19h, na Igreja da Sagrada Fam\u00edlia na Sapetinga. Esta missa marcou o in\u00edcio das atividades do Movimento de Cursilhos de Cristandade da Diocese de Ilh\u00e9us para o ano de 2018.<\/p>\n<\/div>\n<div dir=\"auto\">Tamb\u00e9m houve a Ben\u00e7\u00e3o\u00a0da\u00a0Imagem peregrina da Sagrada Fam\u00edlia, s\u00edmbolo do Ano Nacional do Laicato.<\/p>\n<\/div>\n<div dir=\"auto\">Nesta celebra\u00e7\u00e3o foi oferecida a ben\u00e7\u00e3o de envio dos mission\u00e1rios leigos e leigas da diocese, que estar\u00e3o em miss\u00e3o por todas as Par\u00f3quias, levando o estudo de forma\u00e7\u00e3o do DOC 105 da CNBB,\u00a0que trata do papel dos leigos e leigos na igreja e no mundo.<\/p>\n<\/div>\n<div dir=\"auto\">Neste s\u00e1bado, foi o dia de forma\u00e7\u00e3o nas par\u00f3quias: Santo Ant\u00f4nio em Pirai do Norte, Par\u00f3quia Nossa Senhora das Gra\u00e7as\u00a0em Wenceslau Guimar\u00e3es e na Par\u00f3quia Santo Ant\u00f4nio em Teol\u00e2ndia.<\/p>\n<\/div>\n<div dir=\"auto\">Teol\u00e2ndia foi a primeira cidade da diocese a receber a imagem peregrina da Sagrada Fam\u00edlia, neste domingo, \u00e0s 19h, na igreja matriz da cidade.<\/div>\n<div dir=\"auto\">Rogamos a Deus.<\/p>\n<\/div>\n<div dir=\"auto\">Informa\u00e7\u00f5es: Pascom-Diocese de Ilh\u00e9us<\/div>\n","protected":false},"excerpt":{"rendered":"<p>A Igreja no Brasil est\u00e1 celebrandi o\u00a0Ano Nacional do Laicato, com o tema: \u201cCrist\u00e3os leigos e leigas, sujeitos na \u2018Igreja em sa\u00edda\u2019, a servi\u00e7o do Reino\u201d e o lema: \u201cSal da Terra e Luz do Mundo\u201d, Mt 5,13-14. Dando in\u00edcio \u00e0s atividades de forma\u00e7\u00e3o para o ano do laicato, a comiss\u00e3o diocesana realizou uma celebra\u00e7\u00e3o&nbsp;<\/p>\n<p><a class=\"btn btn-style\" href=\"http:\/\/portalcatolico.net\/portal\/ano-do-laicato-e-celebrado-pelas-dioceses-do-brasil\/\">Continue Reading<\/a><\/p>\n","protected":false},"author":2,"featured_media":51397,"comment_status":"open","ping_status":"open","sticky":false,"template":"","format":"standard","meta":{"footnotes":""},"categories":[4],"tags":[],"class_list":["post-51396","post","type-post","status-publish","format-standard","has-post-thumbnail","hentry","category-destaques"],"_links":{"self":[{"href":"http:\/\/portalcatolico.net\/portal\/wp-json\/wp\/v2\/posts\/51396","targetHints":{"allow":["GET"]}}],"collection":[{"href":"http:\/\/portalcatolico.net\/portal\/wp-json\/wp\/v2\/posts"}],"about":[{"href":"http:\/\/portalcatolico.net\/portal\/wp-json\/wp\/v2\/types\/post"}],"author":[{"embeddable":true,"href":"http:\/\/portalcatolico.net\/portal\/wp-json\/wp\/v2\/users\/2"}],"replies":[{"embeddable":true,"href":"http:\/\/portalcatolico.net\/portal\/wp-json\/wp\/v2\/comments?post=51396"}],"version-history":[{"count":1,"href":"http:\/\/portalcatolico.net\/portal\/wp-json\/wp\/v2\/posts\/51396\/revisions"}],"predecessor-version":[{"id":51398,"href":"http:\/\/portalcatolico.net\/portal\/wp-json\/wp\/v2\/posts\/51396\/revisions\/51398"}],"wp:featuredmedia":[{"embeddable":true,"href":"http:\/\/portalcatolico.net\/portal\/wp-json\/wp\/v2\/media\/51397"}],"wp:attachment":[{"href":"http:\/\/portalcatolico.net\/portal\/wp-json\/wp\/v2\/media?parent=51396"}],"wp:term":[{"taxonomy":"category","embeddable":true,"href":"http:\/\/portalcatolico.net\/portal\/wp-json\/wp\/v2\/categories?post=51396"},{"taxonomy":"post_tag","embeddable":true,"href":"http:\/\/portalcatolico.net\/portal\/wp-json\/wp\/v2\/tags?post=51396"}],"curies":[{"name":"wp","href":"https:\/\/api.w.org\/{rel}","templated":true}]}}