{"id":51392,"date":"2018-02-18T21:26:43","date_gmt":"2018-02-19T00:26:43","guid":{"rendered":"http:\/\/portalcatolico.net\/portal\/?p=51392"},"modified":"2018-02-18T21:27:17","modified_gmt":"2018-02-19T00:27:17","slug":"frei-carlos-celebra-aniversario-sacerdotal-em-itabuna","status":"publish","type":"post","link":"http:\/\/portalcatolico.net\/portal\/frei-carlos-celebra-aniversario-sacerdotal-em-itabuna\/","title":{"rendered":"Frei Carlos celebra anivers\u00e1rio sacerdotal em Itabuna"},"content":{"rendered":"<div dir=\"auto\">\n<p><i>Uma emocionante celebra\u00e7\u00e3o eucar\u00edstica marcou a passagem dos 45 anos de Ordena\u00e7\u00e3o sacerdotal do Frei Carlos In\u00e1cio.<\/i><\/p>\n<\/div>\n<div dir=\"auto\">\n<p><i>A celebra\u00e7\u00e3o teve in\u00edcio com a santa missa. Ao meio-dia<\/i><i><i>\u00a0foi servido um almo\u00e7o com a presen\u00e7a dos funcion\u00e1rios e demais Frades<\/i><\/i><i>. Todos cantaram os parab\u00e9ns para o frade aniversariante.<\/i><\/p>\n<\/div>\n<div dir=\"auto\">\n<p><i><i>Atualmente, ele atua na Igreja matriz de Santa Rita de C\u00e1ssia, situada no bairro S\u00e3o\u00a0Caetano, em Itabuna (BA).<\/i><\/i><\/p>\n<\/div>\n<div dir=\"auto\">\n<p><i>\u00c0 noite, a santa eucaristia foi celebrada pelo p\u00e1roco, o Frei Jos\u00e9 Genilton, \u00e0s 19h.\u00a0<\/i><\/p>\n<\/div>\n<div dir=\"auto\"><i>A equipe do Portal Cat\u00f3lico deseja que Deus aben\u00e7oe e conceda muitos anos de vida<\/i>\u00a0ao Frei Carlos.<\/div>\n","protected":false},"excerpt":{"rendered":"<p>Uma emocionante celebra\u00e7\u00e3o eucar\u00edstica marcou a passagem dos 45 anos de Ordena\u00e7\u00e3o sacerdotal do Frei Carlos In\u00e1cio. A celebra\u00e7\u00e3o teve in\u00edcio com a santa missa. Ao meio-dia\u00a0foi servido um almo\u00e7o com a presen\u00e7a dos funcion\u00e1rios e demais Frades. Todos cantaram os parab\u00e9ns para o frade aniversariante. Atualmente, ele atua na Igreja matriz de Santa Rita&nbsp;<\/p>\n<p><a class=\"btn btn-style\" href=\"http:\/\/portalcatolico.net\/portal\/frei-carlos-celebra-aniversario-sacerdotal-em-itabuna\/\">Continue Reading<\/a><\/p>\n","protected":false},"author":2,"featured_media":51393,"comment_status":"open","ping_status":"open","sticky":false,"template":"","format":"standard","meta":{"footnotes":""},"categories":[2],"tags":[],"class_list":["post-51392","post","type-post","status-publish","format-standard","has-post-thumbnail","hentry","category-eventos"],"_links":{"self":[{"href":"http:\/\/portalcatolico.net\/portal\/wp-json\/wp\/v2\/posts\/51392","targetHints":{"allow":["GET"]}}],"collection":[{"href":"http:\/\/portalcatolico.net\/portal\/wp-json\/wp\/v2\/posts"}],"about":[{"href":"http:\/\/portalcatolico.net\/portal\/wp-json\/wp\/v2\/types\/post"}],"author":[{"embeddable":true,"href":"http:\/\/portalcatolico.net\/portal\/wp-json\/wp\/v2\/users\/2"}],"replies":[{"embeddable":true,"href":"http:\/\/portalcatolico.net\/portal\/wp-json\/wp\/v2\/comments?post=51392"}],"version-history":[{"count":2,"href":"http:\/\/portalcatolico.net\/portal\/wp-json\/wp\/v2\/posts\/51392\/revisions"}],"predecessor-version":[{"id":51395,"href":"http:\/\/portalcatolico.net\/portal\/wp-json\/wp\/v2\/posts\/51392\/revisions\/51395"}],"wp:featuredmedia":[{"embeddable":true,"href":"http:\/\/portalcatolico.net\/portal\/wp-json\/wp\/v2\/media\/51393"}],"wp:attachment":[{"href":"http:\/\/portalcatolico.net\/portal\/wp-json\/wp\/v2\/media?parent=51392"}],"wp:term":[{"taxonomy":"category","embeddable":true,"href":"http:\/\/portalcatolico.net\/portal\/wp-json\/wp\/v2\/categories?post=51392"},{"taxonomy":"post_tag","embeddable":true,"href":"http:\/\/portalcatolico.net\/portal\/wp-json\/wp\/v2\/tags?post=51392"}],"curies":[{"name":"wp","href":"https:\/\/api.w.org\/{rel}","templated":true}]}}