{"id":51388,"date":"2018-02-18T21:17:34","date_gmt":"2018-02-19T00:17:34","guid":{"rendered":"http:\/\/portalcatolico.net\/portal\/?p=51388"},"modified":"2018-02-18T21:17:34","modified_gmt":"2018-02-19T00:17:34","slug":"igreja-celebra-o-primeiro-domingo-da-quaresma","status":"publish","type":"post","link":"http:\/\/portalcatolico.net\/portal\/igreja-celebra-o-primeiro-domingo-da-quaresma\/","title":{"rendered":"Igreja celebra o primeiro domingo da Quaresma"},"content":{"rendered":"<div dir=\"auto\">Neste domingo, 18 de fevereiro, a\u00a0Igreja Cat\u00f3lica celebra o primeiro domingo da\u00a0Quaresma\u00a0em todo o continente. Na Catedral de S\u00e3o Sebasti\u00e3o, em Ilh\u00e9us (BA), n\u00e3o foi diferente.<\/div>\n<div dir=\"auto\">&#8220;\u00c9 tempo de praticar o bem. S\u00e3o dias de ora\u00e7\u00e3o, penit\u00eancia, esmola, combate aos v\u00edcios\u00a0e leitura espiritual. Esses dias t\u00e3o intensos preparam para as alegrias da Santa P\u00e1scoa do Senhor. Estejamos atentos, pois n\u00e3o celebrar\u00e1 bem a P\u00e1scoa da Ressurrei\u00e7\u00e3o quem n\u00e3o combater bem nos dias roxos da Quaresma&#8221;, refletiu o Bispo Dom Mauro Montagnoli, neste domingo.<\/div>\n<div dir=\"auto\">A santa missa aconteceu \u00e0s 8h, na posse dos padres <em>Dami\u00e3o Concei\u00e7\u00e3o de Souza Borges e<\/em>\u00a0<em>Paulo Roberto Brand\u00e3o.<\/em><\/div>\n<div dir=\"auto\">Ou\u00e7a a homilia do biso de Ilh\u00e9us Dom Mauro<\/div>\n<div dir=\"auto\">\n<audio class=\"wp-audio-shortcode\" id=\"audio-51388-1\" preload=\"none\" style=\"width: 100%;\" controls=\"controls\"><source type=\"audio\/mpeg\" src=\"http:\/\/portalcatolico.net\/portal\/wp-content\/uploads\/2018\/02\/Z0000118.mp3?_=1\" \/><a href=\"http:\/\/portalcatolico.net\/portal\/wp-content\/uploads\/2018\/02\/Z0000118.mp3\">http:\/\/portalcatolico.net\/portal\/wp-content\/uploads\/2018\/02\/Z0000118.mp3<\/a><\/audio>\n<p><em>Por Anara Passos<\/em><\/div>\n","protected":false},"excerpt":{"rendered":"<p>Neste domingo, 18 de fevereiro, a\u00a0Igreja Cat\u00f3lica celebra o primeiro domingo da\u00a0Quaresma\u00a0em todo o continente. Na Catedral de S\u00e3o Sebasti\u00e3o, em Ilh\u00e9us (BA), n\u00e3o foi diferente. &#8220;\u00c9 tempo de praticar o bem. S\u00e3o dias de ora\u00e7\u00e3o, penit\u00eancia, esmola, combate aos v\u00edcios\u00a0e leitura espiritual. Esses dias t\u00e3o intensos preparam para as alegrias da Santa P\u00e1scoa do&nbsp;<\/p>\n<p><a class=\"btn btn-style\" href=\"http:\/\/portalcatolico.net\/portal\/igreja-celebra-o-primeiro-domingo-da-quaresma\/\">Continue Reading<\/a><\/p>\n","protected":false},"author":2,"featured_media":51390,"comment_status":"open","ping_status":"open","sticky":false,"template":"","format":"standard","meta":{"footnotes":""},"categories":[68],"tags":[],"class_list":["post-51388","post","type-post","status-publish","format-standard","has-post-thumbnail","hentry","category-homilias"],"_links":{"self":[{"href":"http:\/\/portalcatolico.net\/portal\/wp-json\/wp\/v2\/posts\/51388","targetHints":{"allow":["GET"]}}],"collection":[{"href":"http:\/\/portalcatolico.net\/portal\/wp-json\/wp\/v2\/posts"}],"about":[{"href":"http:\/\/portalcatolico.net\/portal\/wp-json\/wp\/v2\/types\/post"}],"author":[{"embeddable":true,"href":"http:\/\/portalcatolico.net\/portal\/wp-json\/wp\/v2\/users\/2"}],"replies":[{"embeddable":true,"href":"http:\/\/portalcatolico.net\/portal\/wp-json\/wp\/v2\/comments?post=51388"}],"version-history":[{"count":1,"href":"http:\/\/portalcatolico.net\/portal\/wp-json\/wp\/v2\/posts\/51388\/revisions"}],"predecessor-version":[{"id":51391,"href":"http:\/\/portalcatolico.net\/portal\/wp-json\/wp\/v2\/posts\/51388\/revisions\/51391"}],"wp:featuredmedia":[{"embeddable":true,"href":"http:\/\/portalcatolico.net\/portal\/wp-json\/wp\/v2\/media\/51390"}],"wp:attachment":[{"href":"http:\/\/portalcatolico.net\/portal\/wp-json\/wp\/v2\/media?parent=51388"}],"wp:term":[{"taxonomy":"category","embeddable":true,"href":"http:\/\/portalcatolico.net\/portal\/wp-json\/wp\/v2\/categories?post=51388"},{"taxonomy":"post_tag","embeddable":true,"href":"http:\/\/portalcatolico.net\/portal\/wp-json\/wp\/v2\/tags?post=51388"}],"curies":[{"name":"wp","href":"https:\/\/api.w.org\/{rel}","templated":true}]}}