{"id":51378,"date":"2018-02-18T19:26:15","date_gmt":"2018-02-18T22:26:15","guid":{"rendered":"http:\/\/portalcatolico.net\/portal\/?p=51378"},"modified":"2018-02-18T19:26:15","modified_gmt":"2018-02-18T22:26:15","slug":"catedral-de-sao-sebastiao-em-ilheus-tem-novo-paroco-e-vigario","status":"publish","type":"post","link":"http:\/\/portalcatolico.net\/portal\/catedral-de-sao-sebastiao-em-ilheus-tem-novo-paroco-e-vigario\/","title":{"rendered":"Catedral de S\u00e3o Sebasti\u00e3o em Ilh\u00e9us tem novo p\u00e1roco e vig\u00e1rio"},"content":{"rendered":"<div dir=\"auto\">O Bispo Diocesano Dom Mauro Montagnoli\u00a0\u00a0da Diocese de Ilh\u00e9us, no sul da Bahia, que comp\u00f5e o Regional Nordeste III da CNBB, promoveu a transfer\u00eancias de p\u00e1rocos e v\u00e1rios\u00a0paroquiais em seis\u00a0par\u00f3quias que comp\u00f5em a Diocese de Ilh\u00e9us, sendo oito presb\u00edteros.<\/div>\n<div dir=\"auto\">No total, s\u00e3o oito altera\u00e7\u00f5es, mas apenas seis, se referem \u00e0 transfer\u00eancias entre igrejas. Essas mudan\u00e7as ocorreram devido algumas mudan\u00e7as no in\u00edcio do ano.<\/div>\n<div dir=\"auto\">As mudan\u00e7as\u00a0aconteceram nas par\u00f3quias de: Ilh\u00e9us, Ibirataia, Gandu e Barro Preto.<\/div>\n<div dir=\"auto\">O comunicado oficial das transfer\u00eancias foi realizado na reuni\u00e3o do Conselho de Presb\u00edteros no dia 7 de\u00a0\u00a0fevereiro.<\/div>\n<div dir=\"auto\">As posses foram realizadas nos dias 15,17 e 18\u00a0\u00a0de fevereiro. Participaram da solenidade, padres, di\u00e1conos, familiares e amigos dos padres. O\u00a0Padre\u00a0\u00a0Dami\u00e3o Concei\u00e7\u00e3o de Souza Borges, Vig\u00e1rio Paroquial, exercer\u00e1 seu of\u00edcio como vig\u00e1rio-paroquial na Par\u00f3quia S\u00e3o Jorge e na Catedral Diocesana de S\u00e3o Sebasti\u00e3o, padroeiro da cidade e da Diocese de Ilh\u00e9us. O padre Paulo Roberto Brand\u00e3o\u00a0ir\u00e1 assumir a fun\u00e7\u00e3o de P\u00e1roco.<\/div>\n<div dir=\"auto\">A cerim\u00f4nia de posse foi na Catedral Diocesana de S\u00e3o Sebasti\u00e3o e aconteceu \u00e0s 8h. Foi presidida\u00a0 por Dom Mauro Montagnoli. Na ocasi\u00e3o, foi feita a leitura das Provis\u00f5es Can\u00f4nicas\u00a0pelo padre Joelson Dias da Silva (p\u00e1roco da Par\u00f3quia S\u00e3o Jo\u00e3o Batista) e em seguida, teve o of\u00edcio de\u00a0\u00a0Profiss\u00e3o de f\u00e9 e juramento de fidelidade.\u00a0 Ao final da celebra\u00e7\u00e3o, os leigos deram as boas- vindas aos novos sacerdotes.<\/p>\n<\/div>\n<div dir=\"auto\">Aos padres, sucesso nesta nova etapa de evangeliza\u00e7\u00e3o. Isto \u00e9 o que deseja\u00a0\u00a0a equipe do Portal Cat\u00f3lico de Not\u00edcias.<\/div>\n<div dir=\"auto\">Por Anara Passos<\/div>\n<div dir=\"auto\">\u00c1lbuns de fotos&gt; <a href=\"http:\/\/www.facebook.com\/portalcatolicooficial\"><span style=\"color: #0000ff;\">Clique aqui<\/span><\/a><\/div>\n","protected":false},"excerpt":{"rendered":"<p>O Bispo Diocesano Dom Mauro Montagnoli\u00a0\u00a0da Diocese de Ilh\u00e9us, no sul da Bahia, que comp\u00f5e o Regional Nordeste III da CNBB, promoveu a transfer\u00eancias de p\u00e1rocos e v\u00e1rios\u00a0paroquiais em seis\u00a0par\u00f3quias que comp\u00f5em a Diocese de Ilh\u00e9us, sendo oito presb\u00edteros. No total, s\u00e3o oito altera\u00e7\u00f5es, mas apenas seis, se referem \u00e0 transfer\u00eancias entre igrejas. Essas mudan\u00e7as&nbsp;<\/p>\n<p><a class=\"btn btn-style\" href=\"http:\/\/portalcatolico.net\/portal\/catedral-de-sao-sebastiao-em-ilheus-tem-novo-paroco-e-vigario\/\">Continue Reading<\/a><\/p>\n","protected":false},"author":2,"featured_media":51379,"comment_status":"open","ping_status":"open","sticky":false,"template":"","format":"standard","meta":{"footnotes":""},"categories":[4],"tags":[],"class_list":["post-51378","post","type-post","status-publish","format-standard","has-post-thumbnail","hentry","category-destaques"],"_links":{"self":[{"href":"http:\/\/portalcatolico.net\/portal\/wp-json\/wp\/v2\/posts\/51378","targetHints":{"allow":["GET"]}}],"collection":[{"href":"http:\/\/portalcatolico.net\/portal\/wp-json\/wp\/v2\/posts"}],"about":[{"href":"http:\/\/portalcatolico.net\/portal\/wp-json\/wp\/v2\/types\/post"}],"author":[{"embeddable":true,"href":"http:\/\/portalcatolico.net\/portal\/wp-json\/wp\/v2\/users\/2"}],"replies":[{"embeddable":true,"href":"http:\/\/portalcatolico.net\/portal\/wp-json\/wp\/v2\/comments?post=51378"}],"version-history":[{"count":1,"href":"http:\/\/portalcatolico.net\/portal\/wp-json\/wp\/v2\/posts\/51378\/revisions"}],"predecessor-version":[{"id":51380,"href":"http:\/\/portalcatolico.net\/portal\/wp-json\/wp\/v2\/posts\/51378\/revisions\/51380"}],"wp:featuredmedia":[{"embeddable":true,"href":"http:\/\/portalcatolico.net\/portal\/wp-json\/wp\/v2\/media\/51379"}],"wp:attachment":[{"href":"http:\/\/portalcatolico.net\/portal\/wp-json\/wp\/v2\/media?parent=51378"}],"wp:term":[{"taxonomy":"category","embeddable":true,"href":"http:\/\/portalcatolico.net\/portal\/wp-json\/wp\/v2\/categories?post=51378"},{"taxonomy":"post_tag","embeddable":true,"href":"http:\/\/portalcatolico.net\/portal\/wp-json\/wp\/v2\/tags?post=51378"}],"curies":[{"name":"wp","href":"https:\/\/api.w.org\/{rel}","templated":true}]}}