{"id":50860,"date":"2018-02-16T17:46:34","date_gmt":"2018-02-16T20:46:34","guid":{"rendered":"http:\/\/portalcatolico.net\/portal\/?p=50860"},"modified":"2018-02-16T17:46:34","modified_gmt":"2018-02-16T20:46:34","slug":"fundador-da-comunidade-filhos-de-israel-conta-historia-de-24-anos-de-evangelizacao","status":"publish","type":"post","link":"http:\/\/portalcatolico.net\/portal\/fundador-da-comunidade-filhos-de-israel-conta-historia-de-24-anos-de-evangelizacao\/","title":{"rendered":"Fundador da Comunidade Filhos de Israel conta hist\u00f3ria de 24 anos de evangeliza\u00e7\u00e3o"},"content":{"rendered":"<p><em>O Brasil \u00e9 um ber\u00e7o de diversas comunidades e movimentos nascidos no seio da Igreja Cat\u00f3lica Apost\u00f3lica Romana. Muitas delas s\u00e3o fundadas por leigos, religiosos e sacerdotes.<\/em><\/p>\n<p><em>Um desses leigos fundadores \u00e9 o Jos\u00e9 Iramar Almeida da Silva que juntamente com a esposa, \u00a0fundou a Comunidade Cat\u00f3lica Filhos de Israel, situada no bairro Parque Boa Vista, em Itabuna (BA). A Comunidade pertence \u00e0 Par\u00f3quia Nossa Senhora Aparecida na Diocese de Itabuna e est\u00e1 completando 24 anos de evangeliza\u00e7\u00e3o. Jos\u00e9 Iramar concedeu uma entrevista ao Portal Cat\u00f3lico contando um pouco sobre a hist\u00f3ria da Comunidade aniversariante. Confira!<\/em><\/p>\n<p><em>\u00a0<\/em><strong><em>Portal Cat\u00f3lico: Como surgiu a Comunidade Filhos de Israel?<\/em><\/strong><\/p>\n<p><em>Jos\u00e9 Iramar:\u00a0A Comunidade Filhos de Israel surgiu como um Grupo de Perseveran\u00e7a na Capela dos Vicentinos, no bairro de F\u00e1tima, em Itabuna, no dia 15 de fevereiro de 1994. Gra\u00e7as a Deus, foi dessa forma que surgiu, como um grupo p\u00f3s- comunh\u00e3o, e hoje, \u00e9 o que \u00e9!<\/em><\/p>\n<p><em>\u00a0<\/em><strong><em>Portal Cat\u00f3lico: Fale um pouco da espiritualidade e miss\u00e3o da Comunidade Filhos de Israel.<\/em><\/strong><\/p>\n<p><em>Jos\u00e9 Iramar: A espiritualidade da Comunidade\u00a0Filhos de Israel \u00e9 levar o povo de Deus \u00e0 liberta\u00e7\u00e3o. Assim como Mois\u00e9s levou a liberta\u00e7\u00e3o, em nome de Deus, ao povo hebreu, aos filhos de Israel, assim n\u00f3s (a Comunidade Filhos de Israel) temos que levar a liberta\u00e7\u00e3o das pessoas espiritualmente, mentalmente, para que as pessoas saiam da situa\u00e7\u00e3o que est\u00e3o vivendo. Para que essas pessoas possam viver uma vida renovada. Serem libertas do cativeiro espiritual.<\/em><\/p>\n<p><em>\u00a0<\/em><strong><em>Portal Cat\u00f3lico: Quais s\u00e3o os trabalhos da Comunidade?<\/em><\/strong><\/p>\n<p><em>Jos\u00e9 Iramar: N\u00f3s temos v\u00e1rios trabalhos:\u00a0shows musicais, palestras, prega\u00e7\u00f5es, eventos, cursos (como o curso b\u00edblico), e a Pastoral da Provid\u00eancia, que \u00e9 um trabalho que n\u00f3s fazemos com as pessoas que moram nas ruas e com pessoas drogadas.<\/em><\/p>\n<p><em>\u00a0<\/em><strong><em>Portal Cat\u00f3lico: A Comunidade possui quantos membros?<\/em><\/strong><\/p>\n<p><em>Jos\u00e9 Iramar: Hoje\u00a0somos dez membros consagrados. E temos mais seis membros a consagrar.<\/em><\/p>\n<p><em>\u00a0<\/em><strong><em>Portal Cat\u00f3lico: Como fundador, qual o sonho do seu cora\u00e7\u00e3o?<\/em><\/strong><\/p>\n<p><em>Jos\u00e9 Iramar: \u00c9 conseguir levantar esse ano, a nossa casa de miss\u00e3o, onde vai ter a Capela de S\u00e3o Miguel Arcanjo,onde vai ter o consult\u00f3rio m\u00e9dico, onde vai ter lugar para as reuni\u00f5es, lugar para dar um amparo melhor \u00e0s pessoas que necessitam, para as pessoas carentes, que querem escutar uma palavra, onde vai estar aberto 24h. \u00c9 um sonho que est\u00e1 no meu cora\u00e7\u00e3o e eu acredito que j\u00e1 est\u00e1 no cora\u00e7\u00e3o de Deus.<\/em><\/p>\n<p><em>\u00a0<\/em><strong><em>Portal Cat\u00f3lico: Qual a participa\u00e7\u00e3o da juventude na Comunidade?<\/em><\/strong><\/p>\n<p><em>Jos\u00e9 Iramar: A participa\u00e7\u00e3o \u00e9 muito grande. Gra\u00e7as a Deus, os jovens\u00a0abra\u00e7am a causa. N\u00f3s temos membros jovens e pessoas jovens que nos ajudam, que nos abra\u00e7am. N\u00f3s precisamos da for\u00e7a jovem para que possamos dar continuidade e passar o bast\u00e3o porque vai chegando a hora que a gente vai chegando \u201cna idade\u201d. E daqui a pouco, essa futura gera\u00e7\u00e3o \u00e9 que vai assumir os trabalhos.<\/em><\/p>\n<p><em>\u00a0<\/em><strong><em>Portal Cat\u00f3lico: Al\u00e9m de voc\u00eas, quem s\u00e3o os outros membros de Coordena\u00e7\u00e3o da Comunidade?<\/em><\/strong><\/p>\n<p><em>Jos\u00e9 Iramar: Hoje, como vice-coordenadora, tem a Dinor\u00e1.\u00a0Ionara e Wendel s\u00e3o respons\u00e1veis pela Forma\u00e7\u00e3o da Comunidade, Geovana \u00e9 respons\u00e1vel pela parte financeira e outros membros fazem outros tipos de servi\u00e7os.<\/em><\/p>\n<p><em>\u00a0<\/em><em>Reportagem: Valdeni Elias<\/em><\/p>\n<p><em>Edi\u00e7\u00e3o de texto: Anara Passos<\/em><\/p>\n<p><em>\u00a0<\/em><\/p>\n<p><em>\u00a0<\/em><\/p>\n","protected":false},"excerpt":{"rendered":"<p>O Brasil \u00e9 um ber\u00e7o de diversas comunidades e movimentos nascidos no seio da Igreja Cat\u00f3lica Apost\u00f3lica Romana. Muitas delas s\u00e3o fundadas por leigos, religiosos e sacerdotes. Um desses leigos fundadores \u00e9 o Jos\u00e9 Iramar Almeida da Silva que juntamente com a esposa, \u00a0fundou a Comunidade Cat\u00f3lica Filhos de Israel, situada no bairro Parque Boa&nbsp;<\/p>\n<p><a class=\"btn btn-style\" href=\"http:\/\/portalcatolico.net\/portal\/fundador-da-comunidade-filhos-de-israel-conta-historia-de-24-anos-de-evangelizacao\/\">Continue Reading<\/a><\/p>\n","protected":false},"author":2,"featured_media":50861,"comment_status":"open","ping_status":"open","sticky":false,"template":"","format":"standard","meta":{"footnotes":""},"categories":[65],"tags":[],"class_list":["post-50860","post","type-post","status-publish","format-standard","has-post-thumbnail","hentry","category-entrevistas"],"_links":{"self":[{"href":"http:\/\/portalcatolico.net\/portal\/wp-json\/wp\/v2\/posts\/50860","targetHints":{"allow":["GET"]}}],"collection":[{"href":"http:\/\/portalcatolico.net\/portal\/wp-json\/wp\/v2\/posts"}],"about":[{"href":"http:\/\/portalcatolico.net\/portal\/wp-json\/wp\/v2\/types\/post"}],"author":[{"embeddable":true,"href":"http:\/\/portalcatolico.net\/portal\/wp-json\/wp\/v2\/users\/2"}],"replies":[{"embeddable":true,"href":"http:\/\/portalcatolico.net\/portal\/wp-json\/wp\/v2\/comments?post=50860"}],"version-history":[{"count":1,"href":"http:\/\/portalcatolico.net\/portal\/wp-json\/wp\/v2\/posts\/50860\/revisions"}],"predecessor-version":[{"id":50862,"href":"http:\/\/portalcatolico.net\/portal\/wp-json\/wp\/v2\/posts\/50860\/revisions\/50862"}],"wp:featuredmedia":[{"embeddable":true,"href":"http:\/\/portalcatolico.net\/portal\/wp-json\/wp\/v2\/media\/50861"}],"wp:attachment":[{"href":"http:\/\/portalcatolico.net\/portal\/wp-json\/wp\/v2\/media?parent=50860"}],"wp:term":[{"taxonomy":"category","embeddable":true,"href":"http:\/\/portalcatolico.net\/portal\/wp-json\/wp\/v2\/categories?post=50860"},{"taxonomy":"post_tag","embeddable":true,"href":"http:\/\/portalcatolico.net\/portal\/wp-json\/wp\/v2\/tags?post=50860"}],"curies":[{"name":"wp","href":"https:\/\/api.w.org\/{rel}","templated":true}]}}