{"id":50814,"date":"2018-02-14T18:49:48","date_gmt":"2018-02-14T21:49:48","guid":{"rendered":"http:\/\/portalcatolico.net\/portal\/?p=50814"},"modified":"2018-02-14T22:32:58","modified_gmt":"2018-02-15T01:32:58","slug":"rcc-realiza-retiro-de-carnaval-em-ilheus","status":"publish","type":"post","link":"http:\/\/portalcatolico.net\/portal\/rcc-realiza-retiro-de-carnaval-em-ilheus\/","title":{"rendered":"RCC realiza Retiro de Carnaval em Ilh\u00e9us"},"content":{"rendered":"<p><em>Entre os dias \u00a011 a 13 de fevereiro, a Renova\u00e7\u00e3o Carism\u00e1tica Cat\u00f3lica (RCC) \u00a0da Diocese de ilh\u00e9us realizou o III Saciais-vos , Retiro de Carnaval em Cristo Jesus, com o tema: \u201cRetornai ao primeiro amor ( Ap 2,4). \u00c0s 9h, teve introdu\u00e7\u00e3o\u00a0e consagra\u00e7\u00e3o da imagem de Nossa Senhora.<\/em><\/p>\n<p><em>O evento teve in\u00edcio no domingo \u00e0s 8h. Os participantes foram recebidos com uma bel\u00edssima acolhida, muita anima\u00e7\u00e3o, ora\u00e7\u00e3o e credenciamento. O Retiro que est\u00e1 em sua 3\u00aa edi\u00e7\u00e3o, \u00e9 uma op\u00e7\u00e3o para religiosos que preferem comemorar a folia longe das ruas.<\/em><\/p>\n<p><em>O coordenador diocesano da RCC da Diocese de Ilh\u00e9us, Daniel Santana,\u00a0explicou que esse encontro \u201ctem o intuito de proporcionar \u00e0s pessoas momentos em santidade, em reflex\u00e3o, al\u00e9m de ser um espa\u00e7o voltado para crian\u00e7as, jovens, adultos e idosos que queiram passar o Carnaval de forma diferente\u201d.<\/em><\/p>\n<p><em>Os pregadores do evento foram: Tales Bispo (Coordenador do Minist\u00e9rio Jovem da RCC de Itabuna), Amistron Lira (Coordenador Diocesano do Minist\u00e9rio de Forma\u00e7\u00e3o Diocese de Itabuna),Vendinha Santos\u00a0(Coordenadora Diocesana do Minist\u00e9rio Jovem da Diocese de Jequi\u00e9) ,Glauber Alves (Coordenador do Minist\u00e9rio para as Fam\u00edlias na Diocese de Amorgosa), Israel Pedro (Coordenador do Minist\u00e9rio Jovem Diocesano da Diocese de Ilh\u00e9us).<\/em><\/p>\n<p><em>Foram tr\u00eas dias\u00a0 compostos de \u00a0muito Louvor , Adora\u00e7\u00e3o , ora\u00e7\u00e3o, oficio de Nossa Senhora, Adora\u00e7\u00e3o ao Sant\u00edssimo Sacramento, reflex\u00f5es, reza do santa ter\u00e7o, testemunhos, espa\u00e7o para as crian\u00e7as, show, entre outros momentos de evangeliza\u00e7\u00e3o.<\/em><\/p>\n<p><em>O padre da Diocese de Ilh\u00e9us, Juarez Farias, presidiu missas durante os tr\u00eas dias e o bispo da Diocese de Ilh\u00e9us, Dom Mauro Mongtonoli, celebrou nesta ter\u00e7a-feira (13), a \u00faltima santa missa do evento \u00e0s 7h.<br \/>\nO local do evento foi realizado no CTL (Centro de Treinamento para L\u00edderes) em Ilh\u00e9us (BA).<\/em><\/p>\n<p><em>Confira algumas fotos e v\u00eddeos no link:\u00a0<a href=\"https:\/\/www.facebook.com\/rcc.ilheus\">https:\/\/www.facebook.com\/rcc.ilheus<\/a><\/em><\/p>\n<p><em>Texto: Anara Passos<\/em><\/p>\n<p><em>Reportagem e fotos: Valdeni Elias<\/em><\/p>\n<p><em>Confira todas as fotos na nossa p\u00e1gina do facebook, curta e compartilhe. <a href=\"https:\/\/www.facebook.com\/portalcatolicooficial\/\"><span style=\"color: #0000ff;\">Clique aqui<\/span><\/a><\/em><\/p>\n","protected":false},"excerpt":{"rendered":"<p>Entre os dias \u00a011 a 13 de fevereiro, a Renova\u00e7\u00e3o Carism\u00e1tica Cat\u00f3lica (RCC) \u00a0da Diocese de ilh\u00e9us realizou o III Saciais-vos , Retiro de Carnaval em Cristo Jesus, com o tema: \u201cRetornai ao primeiro amor ( Ap 2,4). \u00c0s 9h, teve introdu\u00e7\u00e3o\u00a0e consagra\u00e7\u00e3o da imagem de Nossa Senhora. O evento teve in\u00edcio no domingo \u00e0s&nbsp;<\/p>\n<p><a class=\"btn btn-style\" href=\"http:\/\/portalcatolico.net\/portal\/rcc-realiza-retiro-de-carnaval-em-ilheus\/\">Continue Reading<\/a><\/p>\n","protected":false},"author":2,"featured_media":50815,"comment_status":"open","ping_status":"open","sticky":false,"template":"","format":"standard","meta":{"footnotes":""},"categories":[65],"tags":[],"class_list":["post-50814","post","type-post","status-publish","format-standard","has-post-thumbnail","hentry","category-entrevistas"],"_links":{"self":[{"href":"http:\/\/portalcatolico.net\/portal\/wp-json\/wp\/v2\/posts\/50814","targetHints":{"allow":["GET"]}}],"collection":[{"href":"http:\/\/portalcatolico.net\/portal\/wp-json\/wp\/v2\/posts"}],"about":[{"href":"http:\/\/portalcatolico.net\/portal\/wp-json\/wp\/v2\/types\/post"}],"author":[{"embeddable":true,"href":"http:\/\/portalcatolico.net\/portal\/wp-json\/wp\/v2\/users\/2"}],"replies":[{"embeddable":true,"href":"http:\/\/portalcatolico.net\/portal\/wp-json\/wp\/v2\/comments?post=50814"}],"version-history":[{"count":4,"href":"http:\/\/portalcatolico.net\/portal\/wp-json\/wp\/v2\/posts\/50814\/revisions"}],"predecessor-version":[{"id":50826,"href":"http:\/\/portalcatolico.net\/portal\/wp-json\/wp\/v2\/posts\/50814\/revisions\/50826"}],"wp:featuredmedia":[{"embeddable":true,"href":"http:\/\/portalcatolico.net\/portal\/wp-json\/wp\/v2\/media\/50815"}],"wp:attachment":[{"href":"http:\/\/portalcatolico.net\/portal\/wp-json\/wp\/v2\/media?parent=50814"}],"wp:term":[{"taxonomy":"category","embeddable":true,"href":"http:\/\/portalcatolico.net\/portal\/wp-json\/wp\/v2\/categories?post=50814"},{"taxonomy":"post_tag","embeddable":true,"href":"http:\/\/portalcatolico.net\/portal\/wp-json\/wp\/v2\/tags?post=50814"}],"curies":[{"name":"wp","href":"https:\/\/api.w.org\/{rel}","templated":true}]}}