{"id":50809,"date":"2018-02-14T14:08:23","date_gmt":"2018-02-14T17:08:23","guid":{"rendered":"http:\/\/portalcatolico.net\/portal\/?p=50809"},"modified":"2018-02-14T14:10:04","modified_gmt":"2018-02-14T17:10:04","slug":"padre-tony-e-vitima-de-violencia-neste-feriado","status":"publish","type":"post","link":"http:\/\/portalcatolico.net\/portal\/padre-tony-e-vitima-de-violencia-neste-feriado\/","title":{"rendered":"Padre Tony \u00e9 v\u00edtima de viol\u00eancia neste feriado"},"content":{"rendered":"<h3 style=\"font-weight: 400;\"><sub>O padre\u00a0<em>Tony Val\u00e9rio Rodrigues\u00a0dos Santos<\/em> , novo p\u00e1roco da \u00a0Par\u00f3quia Santa Maria Madalena, situada no \u00a0bairro Nova Itabuna, em Itabuna (BA), foi alvo de criminosos nesta ter\u00e7a-feira (13). Segundo informa\u00e7\u00f5es, tr\u00eas bandidos armados abordaram o padre, xingaram, amea\u00e7aram e deram tiros para cima.<\/sub><\/h3>\n<h3 style=\"font-weight: 400;\"><sub>Os indiv\u00edduos roubaram o ve\u00edculo pertencente \u00e0 Diocese de Itabuna, um Corsa Sedam de placa JRD-6340.<\/sub><\/h3>\n<h3 style=\"font-weight: 400;\"><sub>O sacerdote foi at\u00e9 o Complexo Policial e fez um botim de ocorr\u00eancia. \u00a0<\/sub><\/h3>\n<p>Por: Anara Passos<\/p>\n","protected":false},"excerpt":{"rendered":"<p>O padre\u00a0Tony Val\u00e9rio Rodrigues\u00a0dos Santos , novo p\u00e1roco da \u00a0Par\u00f3quia Santa Maria Madalena, situada no \u00a0bairro Nova Itabuna, em Itabuna (BA), foi alvo de criminosos nesta ter\u00e7a-feira (13). Segundo informa\u00e7\u00f5es, tr\u00eas bandidos armados abordaram o padre, xingaram, amea\u00e7aram e deram tiros para cima. Os indiv\u00edduos roubaram o ve\u00edculo pertencente \u00e0 Diocese de Itabuna, um Corsa&nbsp;<\/p>\n<p><a class=\"btn btn-style\" href=\"http:\/\/portalcatolico.net\/portal\/padre-tony-e-vitima-de-violencia-neste-feriado\/\">Continue Reading<\/a><\/p>\n","protected":false},"author":2,"featured_media":50811,"comment_status":"open","ping_status":"open","sticky":false,"template":"","format":"standard","meta":{"footnotes":""},"categories":[4],"tags":[],"class_list":["post-50809","post","type-post","status-publish","format-standard","has-post-thumbnail","hentry","category-destaques"],"_links":{"self":[{"href":"http:\/\/portalcatolico.net\/portal\/wp-json\/wp\/v2\/posts\/50809","targetHints":{"allow":["GET"]}}],"collection":[{"href":"http:\/\/portalcatolico.net\/portal\/wp-json\/wp\/v2\/posts"}],"about":[{"href":"http:\/\/portalcatolico.net\/portal\/wp-json\/wp\/v2\/types\/post"}],"author":[{"embeddable":true,"href":"http:\/\/portalcatolico.net\/portal\/wp-json\/wp\/v2\/users\/2"}],"replies":[{"embeddable":true,"href":"http:\/\/portalcatolico.net\/portal\/wp-json\/wp\/v2\/comments?post=50809"}],"version-history":[{"count":2,"href":"http:\/\/portalcatolico.net\/portal\/wp-json\/wp\/v2\/posts\/50809\/revisions"}],"predecessor-version":[{"id":50813,"href":"http:\/\/portalcatolico.net\/portal\/wp-json\/wp\/v2\/posts\/50809\/revisions\/50813"}],"wp:featuredmedia":[{"embeddable":true,"href":"http:\/\/portalcatolico.net\/portal\/wp-json\/wp\/v2\/media\/50811"}],"wp:attachment":[{"href":"http:\/\/portalcatolico.net\/portal\/wp-json\/wp\/v2\/media?parent=50809"}],"wp:term":[{"taxonomy":"category","embeddable":true,"href":"http:\/\/portalcatolico.net\/portal\/wp-json\/wp\/v2\/categories?post=50809"},{"taxonomy":"post_tag","embeddable":true,"href":"http:\/\/portalcatolico.net\/portal\/wp-json\/wp\/v2\/tags?post=50809"}],"curies":[{"name":"wp","href":"https:\/\/api.w.org\/{rel}","templated":true}]}}