{"id":50803,"date":"2018-02-14T13:05:02","date_gmt":"2018-02-14T16:05:02","guid":{"rendered":"http:\/\/portalcatolico.net\/portal\/?p=50803"},"modified":"2018-02-14T13:56:05","modified_gmt":"2018-02-14T16:56:05","slug":"catolicos-iniciam-a-quaresma-celebrando-a-quarta-feira-de-cinzas","status":"publish","type":"post","link":"http:\/\/portalcatolico.net\/portal\/catolicos-iniciam-a-quaresma-celebrando-a-quarta-feira-de-cinzas\/","title":{"rendered":"Cat\u00f3licos iniciam a Quaresma celebrando a Quarta-Feira de Cinzas"},"content":{"rendered":"<p><em>Ap\u00f3s o encerramento do Carnaval, a Igreja Cat\u00f3lica inicia a Quaresma com as celebra\u00e7\u00f5es da Quarta-feira de Cinzas. O per\u00edodo precede a P\u00e1scoa, data em que os cat\u00f3licos comemoram a ressurei\u00e7\u00e3o de Jesus Cristo. O bispo da diocese de Itabuna, dom Carlos Alberto ressalta que a Quaresma \u00e9 um momento de penit\u00eancia.\u00a0Durante o per\u00edodo, os fi\u00e9is refletem sobre os passos dados ao longo da vida. \u201c\u00c9 tempo de reflex\u00e3o e de prepara\u00e7\u00e3o para a ressurei\u00e7\u00e3o de Cristo, al\u00e9m de darmos in\u00edcio \u00e0 Campanha da Fraternidade, que nos apresenta um tema espec\u00edfico para maior medita\u00e7\u00e3o.\u201d<\/em><\/p>\n<p><em>Ao longo da Quarta-feira de Cinzas, a Igreja pede aos fi\u00e9is para que eles jejuem. Para o bispo dom Carlos Alberto, o ato \u00e9 importante pois \u201c\u00e9 um sinal de penit\u00eancia e um sinal de ren\u00fancia daquilo que se gosta.\u201d<\/em><\/p>\n<p><em>Para celebrar, a Par\u00f3quia Santa Rita de C\u00e1ssia, no bairro S\u00e3o Caetano, em Itabuna (BA), realizar\u00e1 a santa missa \u00e0s 19h. Participe!<\/em><\/p>\n<p><em>\u00a0Edi\u00e7\u00e3o de texto: Anara Passos (Jornalista- DRT 7574)<\/em><\/p>\n<p>Assista o v\u00eddeo:<\/p>\n<p><iframe loading=\"lazy\"  id=\"_ytid_52323\"  width=\"480\" height=\"270\"  data-origwidth=\"480\" data-origheight=\"270\" src=\"https:\/\/www.youtube.com\/embed\/ilzF6QJFXws?enablejsapi=1&#038;autoplay=0&#038;cc_load_policy=0&#038;cc_lang_pref=&#038;iv_load_policy=1&#038;loop=0&#038;rel=1&#038;fs=1&#038;playsinline=0&#038;autohide=2&#038;theme=dark&#038;color=red&#038;controls=1&#038;disablekb=0&#038;\" class=\"__youtube_prefs__  epyt-is-override  no-lazyload\" title=\"YouTube player\"  allow=\"fullscreen; accelerometer; autoplay; clipboard-write; encrypted-media; gyroscope; picture-in-picture; web-share\" referrerpolicy=\"strict-origin-when-cross-origin\" allowfullscreen data-no-lazy=\"1\" data-skipgform_ajax_framebjll=\"\"><\/iframe><\/p>\n","protected":false},"excerpt":{"rendered":"<p>Ap\u00f3s o encerramento do Carnaval, a Igreja Cat\u00f3lica inicia a Quaresma com as celebra\u00e7\u00f5es da Quarta-feira de Cinzas. O per\u00edodo precede a P\u00e1scoa, data em que os cat\u00f3licos comemoram a ressurei\u00e7\u00e3o de Jesus Cristo. O bispo da diocese de Itabuna, dom Carlos Alberto ressalta que a Quaresma \u00e9 um momento de penit\u00eancia.\u00a0Durante o per\u00edodo, os&nbsp;<\/p>\n<p><a class=\"btn btn-style\" href=\"http:\/\/portalcatolico.net\/portal\/catolicos-iniciam-a-quaresma-celebrando-a-quarta-feira-de-cinzas\/\">Continue Reading<\/a><\/p>\n","protected":false},"author":2,"featured_media":50805,"comment_status":"open","ping_status":"open","sticky":false,"template":"","format":"standard","meta":{"footnotes":""},"categories":[65],"tags":[],"class_list":["post-50803","post","type-post","status-publish","format-standard","has-post-thumbnail","hentry","category-entrevistas"],"_links":{"self":[{"href":"http:\/\/portalcatolico.net\/portal\/wp-json\/wp\/v2\/posts\/50803","targetHints":{"allow":["GET"]}}],"collection":[{"href":"http:\/\/portalcatolico.net\/portal\/wp-json\/wp\/v2\/posts"}],"about":[{"href":"http:\/\/portalcatolico.net\/portal\/wp-json\/wp\/v2\/types\/post"}],"author":[{"embeddable":true,"href":"http:\/\/portalcatolico.net\/portal\/wp-json\/wp\/v2\/users\/2"}],"replies":[{"embeddable":true,"href":"http:\/\/portalcatolico.net\/portal\/wp-json\/wp\/v2\/comments?post=50803"}],"version-history":[{"count":2,"href":"http:\/\/portalcatolico.net\/portal\/wp-json\/wp\/v2\/posts\/50803\/revisions"}],"predecessor-version":[{"id":50808,"href":"http:\/\/portalcatolico.net\/portal\/wp-json\/wp\/v2\/posts\/50803\/revisions\/50808"}],"wp:featuredmedia":[{"embeddable":true,"href":"http:\/\/portalcatolico.net\/portal\/wp-json\/wp\/v2\/media\/50805"}],"wp:attachment":[{"href":"http:\/\/portalcatolico.net\/portal\/wp-json\/wp\/v2\/media?parent=50803"}],"wp:term":[{"taxonomy":"category","embeddable":true,"href":"http:\/\/portalcatolico.net\/portal\/wp-json\/wp\/v2\/categories?post=50803"},{"taxonomy":"post_tag","embeddable":true,"href":"http:\/\/portalcatolico.net\/portal\/wp-json\/wp\/v2\/tags?post=50803"}],"curies":[{"name":"wp","href":"https:\/\/api.w.org\/{rel}","templated":true}]}}