{"id":50796,"date":"2018-02-13T15:27:44","date_gmt":"2018-02-13T18:27:44","guid":{"rendered":"http:\/\/portalcatolico.net\/portal\/?p=50796"},"modified":"2018-02-13T15:28:28","modified_gmt":"2018-02-13T18:28:28","slug":"o-que-deve-saber-sobre-a-quarta-feira-de-cinzas-e-mais-1-noticias","status":"publish","type":"post","link":"http:\/\/portalcatolico.net\/portal\/o-que-deve-saber-sobre-a-quarta-feira-de-cinzas-e-mais-1-noticias\/","title":{"rendered":"\u201cO que deve saber sobre a Quarta-feira de Cinzas\u201d"},"content":{"rendered":"<p>Amanh\u00e3, dia 14 de fevereiro, a\u00a0Igreja\u00a0celebra a Quarta-feira de Cinzas, dando in\u00edcio \u00e0\u00a0Quaresma, tempo de prepara\u00e7\u00e3o para a P\u00e1scoa. Recordamos algumas coisas essenciais que todo cat\u00f3lico precisa saber para poder viver intensamente este tempo.<\/p>\n<p><strong>1. O que \u00e9 a Quarta-feira de Cinzas?<\/strong><\/p>\n<p>\u00c9 o primeiro dia da Quaresma, ou seja, dos 40 dias nos quais a Igreja chama os fi\u00e9is a se converterem e a se prepararem verdadeiramente para viver os mist\u00e9rios da Paix\u00e3o, Morte e Ressurrei\u00e7\u00e3o de Cristo durante a\u00a0Semana Santa.<\/p>\n<p>A Quarta-feira de Cinzas \u00e9 uma celebra\u00e7\u00e3o que est\u00e1 no Missal Romano, o qual explica que no final da\u00a0Missa, aben\u00e7oa-se e imp\u00f5e-se as cinzas obtidas da queima dos ramos usados no\u00a0Domingo de Ramos\u00a0do ano anterior.<\/p>\n<p><strong>2. Como nasceu a tradi\u00e7\u00e3o de impor as cinzas?<\/strong><\/p>\n<p>A tradi\u00e7\u00e3o de impor a cinza \u00e9 da Igreja primitiva. Naquela \u00e9poca, as pessoas colocavam as cinzas na cabe\u00e7a e se apresentavam ante a comunidade com um \u201ch\u00e1bito penitencial\u201d para receber o Sacramento da Reconcilia\u00e7\u00e3o na Quinta-feira Santa.<\/p>\n<p>A Quaresma adquiriu um sentido penitencial para todos os crist\u00e3os por volta do ano 400 d.C. e, a partir do s\u00e9culo XI, a Igreja de Roma passou a impor as cinzas no in\u00edcio deste tempo.<\/p>\n<p><strong>3. Por que se imp\u00f5e as cinzas?<\/strong><\/p>\n<p>A cinza \u00e9 um s\u00edmbolo. Sua fun\u00e7\u00e3o est\u00e1 descrita em um importante documento da Igreja, mais precisamente no artigo 125 do Diret\u00f3rio sobre a piedade popular e a liturgia:<\/p>\n<p>\u201cO come\u00e7o dos quarenta dias de\u00a0penit\u00eancia, no Rito romano, caracteriza-se pelo austero s\u00edmbolo das Cinzas, que caracteriza a Liturgia da Quarta-feira de Cinzas. Pr\u00f3prio dos antigos ritos nos quais os pecadores convertidos se submetiam \u00e0 penit\u00eancia can\u00f4nica, o gesto de cobrir-se com cinza tem o sentido de reconhecer a pr\u00f3pria fragilidade e mortalidade, que precisa ser redimida pela miseric\u00f3rdia de Deus. Este n\u00e3o era um gesto puramente exterior, a Igreja o conservou como sinal da atitude do cora\u00e7\u00e3o penitente que cada batizado \u00e9 chamado a assumir no itiner\u00e1rio quaresmal. Deve-se ajudar os fi\u00e9is, que v\u00e3o receber as Cinzas, para que aprendam o significado interior que este gesto tem, que abre a cada pessoa a convers\u00e3o e ao esfor\u00e7o da renova\u00e7\u00e3o pascal\u201d.<\/p>\n<p><strong>4. O que as cinzas simbolizam e o que recordam?<\/strong><\/p>\n<p>A palavra cinza, que prov\u00e9m do latim \u201ccinis\u201d, representa o produto da combust\u00e3o de algo pelo fogo. Esta adotou desde muito cedo um sentido simb\u00f3lico de morte, expira\u00e7\u00e3o, mas tamb\u00e9m de humildade e penit\u00eancia.<\/p>\n<p>A cinza, como sinal de humildade, recorda ao crist\u00e3o a sua origem e o seu fim: \u201cE formou o Senhor Deus o homem do p\u00f3 da terra\u201d (Gn 2,7); \u201cat\u00e9 que te tornes \u00e0 terra; porque dela foste tomado; porquanto \u00e9s p\u00f3 e em p\u00f3 te tornar\u00e1s\u201d (Gn 3,19).<\/p>\n<p><strong>5. Onde podemos conseguir as cinzas?<\/strong><\/p>\n<p>Para a cerim\u00f4nia devem ser queimados os restos dos ramos aben\u00e7oados no Domingo de Ramos do ano anterior. Estes recebem \u00e1gua benta e logo s\u00e3o aromatizados com incenso.<\/p>\n<p><strong>6. Como se imp\u00f5e as cinzas?<\/strong><\/p>\n<p>Este ato acontece durante a Missa, depois da homilia, e est\u00e1 permitido que os leigos ajudem o sacerdote. As cinzas s\u00e3o impostas na fronte, em forma de cruz, enquanto o ministro pronuncia as palavras B\u00edblicas: \u201cLembra-te de que \u00e9s p\u00f3 e ao p\u00f3 voltar\u00e1s\u201d ou \u201cConvertei-vos e crede no Evangelho\u201d.<\/p>\n<p><strong>7. O que devem fazer quando n\u00e3o h\u00e1 sacerdote?<\/strong><\/p>\n<p>Quando n\u00e3o h\u00e1 sacerdote, a imposi\u00e7\u00e3o das cinzas pode ser realizada sem Missa, de forma extraordin\u00e1ria. Entretanto, \u00e9 recomend\u00e1vel que antes do ato participem da liturgia da palavra.<\/p>\n<p>\u00c9 importante recordar que a b\u00ean\u00e7\u00e3o das cinzas, como todo sacramental, somente pode ser feita por um sacerdote ou um di\u00e1cono.<\/p>\n<p><strong>8. Quem pode receber as cinzas?<\/strong><\/p>\n<p>Qualquer pessoa pode receber este sacramental, inclusive os n\u00e3o cat\u00f3licos. Como explica o\u00a0Catecismo\u00a0(1670 ss.), \u201csacramentais n\u00e3o conferem a gra\u00e7a do Esp\u00edrito Santo \u00e0 maneira dos\u00a0sacramentos; mas, pela ora\u00e7\u00e3o da Igreja, preparam para receber a gra\u00e7a e disp\u00f5em para cooperar com ela\u201d.<\/p>\n<p><strong>9. A imposi\u00e7\u00e3o das cinzas \u00e9 obrigat\u00f3ria?<\/strong><\/p>\n<p>A Quarta-feira de Cinzas n\u00e3o \u00e9 dia de preceito e, portanto, n\u00e3o \u00e9 obrigat\u00f3ria. N\u00e3o obstante, nesse dia muitas pessoas costumam participar da Santa Missa, algo que sempre \u00e9 recomend\u00e1vel.<\/p>\n<p><strong>10. Quanto tempo \u00e9 necess\u00e1rio permanecer com a cinza na fronte?<\/strong><\/p>\n<p>Quanto tempo a pessoa quiser. N\u00e3o existe um tempo determinado.<\/p>\n<p><strong>11. O jejum e a abstin\u00eancia s\u00e3o necess\u00e1rios?<\/strong><\/p>\n<p>O jejum e a abstin\u00eancia s\u00e3o obrigat\u00f3rios durante a Quarta-feira de Cinzas, como tamb\u00e9m na\u00a0Sexta-feira Santa, para as pessoas maiores de 18 e menores de 60 anos. Fora desses limites, \u00e9 opcional. Nesse dia, os fi\u00e9is podem ter uma refei\u00e7\u00e3o \u201cprincipal\u201d uma vez durante o dia.<\/p>\n<p>A abstin\u00eancia de comer carne \u00e9 obrigat\u00f3ria a partir dos 14 anos. Todas as sextas-feiras da Quaresma tamb\u00e9m s\u00e3o de abstin\u00eancia obrigat\u00f3ria. As sextas-feiras do ano tamb\u00e9m s\u00e3o dias de abstin\u00eancia. O gesto, dependendo da determina\u00e7\u00e3o da Confer\u00eancia Episcopal de cada pa\u00eds, pode ser substitu\u00eddo por outro tipo de mortifica\u00e7\u00e3o ou oferecimento como a ora\u00e7\u00e3o do ter\u00e7o.<\/p>\n<p><em><strong>Via\u00a0<a href=\"http:\/\/www.acidigital.com\/\" target=\"_blank\" data-saferedirecturl=\"https:\/\/www.google.com\/url?hl=pt-BR&amp;q=http:\/\/www.acidigital.com\/&amp;source=gmail&amp;ust=1518632201615000&amp;usg=AFQjCNHzQTvEZfked-ByN9RT2PwN8XbWTA\">ACI Digital<\/a><\/strong><\/em><\/p>\n<p>&nbsp;<\/p>\n","protected":false},"excerpt":{"rendered":"<p>Amanh\u00e3, dia 14 de fevereiro, a\u00a0Igreja\u00a0celebra a Quarta-feira de Cinzas, dando in\u00edcio \u00e0\u00a0Quaresma, tempo de prepara\u00e7\u00e3o para a P\u00e1scoa. Recordamos algumas coisas essenciais que todo cat\u00f3lico precisa saber para poder viver intensamente este tempo. 1. O que \u00e9 a Quarta-feira de Cinzas? \u00c9 o primeiro dia da Quaresma, ou seja, dos 40 dias nos quais&nbsp;<\/p>\n<p><a class=\"btn btn-style\" href=\"http:\/\/portalcatolico.net\/portal\/o-que-deve-saber-sobre-a-quarta-feira-de-cinzas-e-mais-1-noticias\/\">Continue Reading<\/a><\/p>\n","protected":false},"author":2,"featured_media":50797,"comment_status":"open","ping_status":"open","sticky":false,"template":"","format":"standard","meta":{"footnotes":""},"categories":[69],"tags":[],"class_list":["post-50796","post","type-post","status-publish","format-standard","has-post-thumbnail","hentry","category-artigos"],"_links":{"self":[{"href":"http:\/\/portalcatolico.net\/portal\/wp-json\/wp\/v2\/posts\/50796","targetHints":{"allow":["GET"]}}],"collection":[{"href":"http:\/\/portalcatolico.net\/portal\/wp-json\/wp\/v2\/posts"}],"about":[{"href":"http:\/\/portalcatolico.net\/portal\/wp-json\/wp\/v2\/types\/post"}],"author":[{"embeddable":true,"href":"http:\/\/portalcatolico.net\/portal\/wp-json\/wp\/v2\/users\/2"}],"replies":[{"embeddable":true,"href":"http:\/\/portalcatolico.net\/portal\/wp-json\/wp\/v2\/comments?post=50796"}],"version-history":[{"count":2,"href":"http:\/\/portalcatolico.net\/portal\/wp-json\/wp\/v2\/posts\/50796\/revisions"}],"predecessor-version":[{"id":50799,"href":"http:\/\/portalcatolico.net\/portal\/wp-json\/wp\/v2\/posts\/50796\/revisions\/50799"}],"wp:featuredmedia":[{"embeddable":true,"href":"http:\/\/portalcatolico.net\/portal\/wp-json\/wp\/v2\/media\/50797"}],"wp:attachment":[{"href":"http:\/\/portalcatolico.net\/portal\/wp-json\/wp\/v2\/media?parent=50796"}],"wp:term":[{"taxonomy":"category","embeddable":true,"href":"http:\/\/portalcatolico.net\/portal\/wp-json\/wp\/v2\/categories?post=50796"},{"taxonomy":"post_tag","embeddable":true,"href":"http:\/\/portalcatolico.net\/portal\/wp-json\/wp\/v2\/tags?post=50796"}],"curies":[{"name":"wp","href":"https:\/\/api.w.org\/{rel}","templated":true}]}}