{"id":50793,"date":"2018-02-13T06:13:52","date_gmt":"2018-02-13T09:13:52","guid":{"rendered":"http:\/\/portalcatolico.net\/portal\/?p=50793"},"modified":"2018-02-13T06:13:52","modified_gmt":"2018-02-13T09:13:52","slug":"vaticano-confirma-excomunhao-de-sacerdote-que-violou-segredo-de-confissao","status":"publish","type":"post","link":"http:\/\/portalcatolico.net\/portal\/vaticano-confirma-excomunhao-de-sacerdote-que-violou-segredo-de-confissao\/","title":{"rendered":"Vaticano confirma excomunh\u00e3o de sacerdote que violou segredo de confiss\u00e3o"},"content":{"rendered":"<p>A Arquidiocese australiana de Brisbane informou que um dos seus sacerdotes foi excomungado automaticamente depois de violar o segredo de confiss\u00e3o.<\/p>\n<p>Assim indicou a Arquidiocese liderada por Dom Mark Coleridge em um comunicado divulgado em 7 de fevereiro.<\/p>\n<p>A not\u00edcia do caso j\u00e1 foi divulgada por alguns meios, assinalando que foi o Papa teria excomungado Pe. Ezinwanne Igbo, quando na verdade foi o pr\u00f3prio sacerdote de origem nigeriana que incorreu na excomunh\u00e3o autom\u00e1tica.<\/p>\n<p>O que o Vaticano fez foi confirmar a pena pela ofensa can\u00f4nica cometida pelo sacerdote que servia na Par\u00f3quia Stella Maris, em Queensland, onde est\u00e1 localizada a Arquidiocese de Brisbane.<\/p>\n<p>O caso teve in\u00edcio em 2016, quando a Arquidiocese recebeu v\u00e1rias reclama\u00e7\u00f5es sobre o sacerdote. Uma delas se referia a \u201cuma ofensa can\u00f4nica que resultou em excomunh\u00e3o autom\u00e1tica\u201d.<\/p>\n<p>A Santa S\u00e9 autorizou o in\u00edcio de uma investiga\u00e7\u00e3o arquidiocesana, com a qual \u201cfoi confirmada a acusa\u00e7\u00e3o de maneira un\u00e2nime\u201d, indica o texto.<\/p>\n<p>Depois de concluir o processo local, refere o comunicado: \u201cO Arcebispo enviou o processo \u00e0 Santa S\u00e9, que solicitou que se torne p\u00fablica a excomunh\u00e3o. Portanto, a Arquidiocese informa agora que Pe. Ezinwanne Igbo foi excomungado\u201d.<\/p>\n<p>O texto explica que, \u201cenquanto a excomunh\u00e3o estiver em vigor, Pe. Ezinwanne n\u00e3o pode presidir a celebra\u00e7\u00e3o da\u00a0Missa\u00a0ou qualquer outra celebra\u00e7\u00e3o de culto, nem pode celebrar ou receber os\u00a0sacramentos\u00a0e n\u00e3o pode exercer nenhum\u00a0 of\u00edcio do minist\u00e9rio na\u00a0Igreja\u201d.<\/p>\n<p>\u201cA excomunh\u00e3o continuar\u00e1 vigente at\u00e9 que Pe. Ezinwanne procure, e lhe concedam, a remiss\u00e3o do Papa, que \u00e9 o \u00fanico que pode conced\u00ea-la\u201d.<\/p>\n<p>Esta situa\u00e7\u00e3o, concluiu o comunicado da Arquidiocese, \u201cfoi dolorosa para a par\u00f3quia\u201d e, por isso, \u201cpedimos para que rezem por todos aqueles que sofrem as consequ\u00eancias do que aconteceu. Que Maria, Stella Maris, guie a par\u00f3quia em seu caminho \u00e0 paz\u201d.<\/p>\n<p><strong>Excomunh\u00e3o autom\u00e1tica<\/strong><\/p>\n<p>O C\u00f3digo de Direito Can\u00f4nico estabelece em seu c\u00e2none 983 que o sigilo sacramental ou segredo de confiss\u00e3o \u201c\u00e9 inviol\u00e1vel; pelo que o confessor n\u00e3o pode denunciar o penitente nem por palavras nem por qualquer outro modo nem por causa alguma\u201d.<\/p>\n<p>Do mesmo modo, o c\u00e2none 1388 assinala que \u201co confessor que violar diretamente o sigilo sacramental, incorre em excomunh\u00e3o\u00a0<em>latae sententiae<\/em>(autom\u00e1tica), reservada \u00e0 S\u00e9 Apost\u00f3lica\u201d.<\/p>\n<p>Isso significa que s\u00f3 o Papa pode perdoar a pena de excomunh\u00e3o neste caso.<\/p>\n<p>A Enciclop\u00e9dia Cat\u00f3lica afirma que a excomunh\u00e3o, \u201csendo a pena mais grave que a Igreja pode infligir, naturalmente sup\u00f5e uma ofensa muito grave\u201d.<\/p>\n<p>O Cardeal Mauro Piacenza, Penitenci\u00e1rio Mor da Santa S\u00e9, explicou em uma ocasi\u00e3o que o objetivo da excomunh\u00e3o \u00e9 levar \u201cos culpados ao arrependimento e \u00e0 convers\u00e3o\u201d.<\/p>\n<p>\u201cCom a pena de excomunh\u00e3o, a Igreja n\u00e3o tenta de nenhuma maneira restringir o campo da miseric\u00f3rdia, mas simplesmente se evidencia a gravidade do crime\u201d, assinalou.(ACI Digital)<\/p>\n<p>Confession\u00e1rio. Foto: Pixabay, dom\u00ednio p\u00fablico<\/p>\n","protected":false},"excerpt":{"rendered":"<p>A Arquidiocese australiana de Brisbane informou que um dos seus sacerdotes foi excomungado automaticamente depois de violar o segredo de confiss\u00e3o. Assim indicou a Arquidiocese liderada por Dom Mark Coleridge em um comunicado divulgado em 7 de fevereiro. A not\u00edcia do caso j\u00e1 foi divulgada por alguns meios, assinalando que foi o Papa teria excomungado&nbsp;<\/p>\n<p><a class=\"btn btn-style\" href=\"http:\/\/portalcatolico.net\/portal\/vaticano-confirma-excomunhao-de-sacerdote-que-violou-segredo-de-confissao\/\">Continue Reading<\/a><\/p>\n","protected":false},"author":2,"featured_media":50794,"comment_status":"open","ping_status":"open","sticky":false,"template":"","format":"standard","meta":{"footnotes":""},"categories":[5],"tags":[],"class_list":["post-50793","post","type-post","status-publish","format-standard","has-post-thumbnail","hentry","category-igreja_no_mundo"],"_links":{"self":[{"href":"http:\/\/portalcatolico.net\/portal\/wp-json\/wp\/v2\/posts\/50793","targetHints":{"allow":["GET"]}}],"collection":[{"href":"http:\/\/portalcatolico.net\/portal\/wp-json\/wp\/v2\/posts"}],"about":[{"href":"http:\/\/portalcatolico.net\/portal\/wp-json\/wp\/v2\/types\/post"}],"author":[{"embeddable":true,"href":"http:\/\/portalcatolico.net\/portal\/wp-json\/wp\/v2\/users\/2"}],"replies":[{"embeddable":true,"href":"http:\/\/portalcatolico.net\/portal\/wp-json\/wp\/v2\/comments?post=50793"}],"version-history":[{"count":1,"href":"http:\/\/portalcatolico.net\/portal\/wp-json\/wp\/v2\/posts\/50793\/revisions"}],"predecessor-version":[{"id":50795,"href":"http:\/\/portalcatolico.net\/portal\/wp-json\/wp\/v2\/posts\/50793\/revisions\/50795"}],"wp:featuredmedia":[{"embeddable":true,"href":"http:\/\/portalcatolico.net\/portal\/wp-json\/wp\/v2\/media\/50794"}],"wp:attachment":[{"href":"http:\/\/portalcatolico.net\/portal\/wp-json\/wp\/v2\/media?parent=50793"}],"wp:term":[{"taxonomy":"category","embeddable":true,"href":"http:\/\/portalcatolico.net\/portal\/wp-json\/wp\/v2\/categories?post=50793"},{"taxonomy":"post_tag","embeddable":true,"href":"http:\/\/portalcatolico.net\/portal\/wp-json\/wp\/v2\/tags?post=50793"}],"curies":[{"name":"wp","href":"https:\/\/api.w.org\/{rel}","templated":true}]}}