{"id":50784,"date":"2018-02-12T23:18:19","date_gmt":"2018-02-13T02:18:19","guid":{"rendered":"http:\/\/portalcatolico.net\/portal\/?p=50784"},"modified":"2018-02-13T15:40:53","modified_gmt":"2018-02-13T18:40:53","slug":"padre-tony-valerio-e-empossado-na-paroquia-santa-maria-madalena-em-itabuna","status":"publish","type":"post","link":"http:\/\/portalcatolico.net\/portal\/padre-tony-valerio-e-empossado-na-paroquia-santa-maria-madalena-em-itabuna\/","title":{"rendered":"Padre Tony Val\u00e9rio \u00e9 empossado na Par\u00f3quia Santa Maria Madalena em Itabuna"},"content":{"rendered":"<p><em>Padre Tony Val\u00e9rio Rodrigues\u00a0dos Santos\u00a0 foi empossado \u00a0na Par\u00f3quia Santa Maria Madalena, na cidade de Itabuna (BA), sendo esta a\u00a0terceira par\u00f3quia administrada pelo sacerdote na Diocese de Itabuna, no sul baiano. O novo p\u00e1roco \u00a0 foi transferido da Par\u00f3quia Nossa Senhora da Concei\u00e7\u00e3o da \u00a0cidade de Arataca (BA), e tomou posse nesta segunda-feira, 12 \u00a0de \u00a0fevereiro, na igreja matriz .<\/em><\/p>\n<p><em>O Bispo Diocesano Dom Carlos Alberto dos Santos presidiu a santa missa de posse can\u00f4nica que teve in\u00edcio \u00e0s 19h e foi concelebrada por\u00a0 v\u00e1rios Sacerdotes, Di\u00e1conos,Seminarista e vocacionados. Tamb\u00e9m estiveram presentes in\u00fameros irm\u00e3os de par\u00f3quias de Itabuna e de cidades circunvizinhas, as quais o Padre Tony evangelizou no per\u00edodo de 06 anos , como por exemplo, a par\u00f3quia Nossa Senhora da Concei\u00e7\u00e3o.<\/em><\/p>\n<p><em>Conforme o ritual de posse, foi lido pelo chanceler provis\u00f3rio da Diocese de Itabuna, o di\u00e1cono Trajano Oswaldo Oliveira Ribeiro, o teor da provis\u00e3o, conforme os c\u00e2nones da Igreja cat\u00f3lica apost\u00f3lica romana.<\/em><\/p>\n<p><em>\u00a0<\/em><em>Dentre os momentos mais marcantes, destacaram-se \u00a0a entrega do Evangeli\u00e1rio pelo Bispo Dom Carlos Alberto dos Santos, para que este proclamasse o Evangelho do dia. Seguindo-se a profiss\u00e3o de f\u00e9 e o juramento de fidelidade. Na celebra\u00e7\u00e3o, o bispo entregou tamb\u00e9m ao novo p\u00e1roco \u00a0paroquial, os sinais que fazem parte do Minist\u00e9rio: a B\u00edblia Sagrada, as chaves da Igreja e a chave do Sacr\u00e1rio e fez uma breve adora\u00e7\u00e3o o \u00f3leo dos catec\u00famenos, e a estola roxa (instrumento de uso cotidiano).<\/em><\/p>\n<p><em>\u00a0<\/em><em>Edi\u00e7\u00e3o de texto: Anara Passos<\/em><\/p>\n<p><em>Reportagem fotos e \u00e1udios: Valdeni Elias\u00a0<\/em><\/p>\n<p>\u00c1lbuns de fotos: <a href=\"http:\/\/portalcatolico.net\/portal\/index.php\/posse-de-pe-tony-valerio-em-itabuna\/\"><span style=\"color: #0000ff;\">Clique aqui<\/span><\/a><\/p>\n<p>Ou\u00e7a a homilia de Dom Carlos Alberto dos Santos, Bispo da Diocese de Itabuna.<\/p>\n<audio class=\"wp-audio-shortcode\" id=\"audio-50784-1\" preload=\"none\" style=\"width: 100%;\" controls=\"controls\"><source type=\"audio\/mpeg\" src=\"http:\/\/portalcatolico.net\/portal\/wp-content\/uploads\/2018\/02\/Dom-Carlos-na-posee-de-Pe.-Tony.mp3?_=1\" \/><a href=\"http:\/\/portalcatolico.net\/portal\/wp-content\/uploads\/2018\/02\/Dom-Carlos-na-posee-de-Pe.-Tony.mp3\">http:\/\/portalcatolico.net\/portal\/wp-content\/uploads\/2018\/02\/Dom-Carlos-na-posee-de-Pe.-Tony.mp3<\/a><\/audio>\n<p><em>Padre Tony, fala de sua nova miss\u00e3o. Ou\u00e7a o \u00e1udio na integra<\/em><\/p>\n<audio class=\"wp-audio-shortcode\" id=\"audio-50784-2\" preload=\"none\" style=\"width: 100%;\" controls=\"controls\"><source type=\"audio\/mpeg\" src=\"http:\/\/portalcatolico.net\/portal\/wp-content\/uploads\/2018\/02\/Padre-Tony-em-sua-3-paroquia.mp3?_=2\" \/><a href=\"http:\/\/portalcatolico.net\/portal\/wp-content\/uploads\/2018\/02\/Padre-Tony-em-sua-3-paroquia.mp3\">http:\/\/portalcatolico.net\/portal\/wp-content\/uploads\/2018\/02\/Padre-Tony-em-sua-3-paroquia.mp3<\/a><\/audio>\n","protected":false},"excerpt":{"rendered":"<p>Padre Tony Val\u00e9rio Rodrigues\u00a0dos Santos\u00a0 foi empossado \u00a0na Par\u00f3quia Santa Maria Madalena, na cidade de Itabuna (BA), sendo esta a\u00a0terceira par\u00f3quia administrada pelo sacerdote na Diocese de Itabuna, no sul baiano. O novo p\u00e1roco \u00a0 foi transferido da Par\u00f3quia Nossa Senhora da Concei\u00e7\u00e3o da \u00a0cidade de Arataca (BA), e tomou posse nesta segunda-feira, 12 \u00a0de&nbsp;<\/p>\n<p><a class=\"btn btn-style\" href=\"http:\/\/portalcatolico.net\/portal\/padre-tony-valerio-e-empossado-na-paroquia-santa-maria-madalena-em-itabuna\/\">Continue Reading<\/a><\/p>\n","protected":false},"author":2,"featured_media":50786,"comment_status":"open","ping_status":"open","sticky":false,"template":"","format":"standard","meta":{"footnotes":""},"categories":[68],"tags":[],"class_list":["post-50784","post","type-post","status-publish","format-standard","has-post-thumbnail","hentry","category-homilias"],"_links":{"self":[{"href":"http:\/\/portalcatolico.net\/portal\/wp-json\/wp\/v2\/posts\/50784","targetHints":{"allow":["GET"]}}],"collection":[{"href":"http:\/\/portalcatolico.net\/portal\/wp-json\/wp\/v2\/posts"}],"about":[{"href":"http:\/\/portalcatolico.net\/portal\/wp-json\/wp\/v2\/types\/post"}],"author":[{"embeddable":true,"href":"http:\/\/portalcatolico.net\/portal\/wp-json\/wp\/v2\/users\/2"}],"replies":[{"embeddable":true,"href":"http:\/\/portalcatolico.net\/portal\/wp-json\/wp\/v2\/comments?post=50784"}],"version-history":[{"count":6,"href":"http:\/\/portalcatolico.net\/portal\/wp-json\/wp\/v2\/posts\/50784\/revisions"}],"predecessor-version":[{"id":50802,"href":"http:\/\/portalcatolico.net\/portal\/wp-json\/wp\/v2\/posts\/50784\/revisions\/50802"}],"wp:featuredmedia":[{"embeddable":true,"href":"http:\/\/portalcatolico.net\/portal\/wp-json\/wp\/v2\/media\/50786"}],"wp:attachment":[{"href":"http:\/\/portalcatolico.net\/portal\/wp-json\/wp\/v2\/media?parent=50784"}],"wp:term":[{"taxonomy":"category","embeddable":true,"href":"http:\/\/portalcatolico.net\/portal\/wp-json\/wp\/v2\/categories?post=50784"},{"taxonomy":"post_tag","embeddable":true,"href":"http:\/\/portalcatolico.net\/portal\/wp-json\/wp\/v2\/tags?post=50784"}],"curies":[{"name":"wp","href":"https:\/\/api.w.org\/{rel}","templated":true}]}}