{"id":50545,"date":"2018-02-12T06:09:54","date_gmt":"2018-02-12T09:09:54","guid":{"rendered":"http:\/\/portalcatolico.net\/portal\/?p=50545"},"modified":"2018-02-12T06:37:45","modified_gmt":"2018-02-12T09:37:45","slug":"a-vida-tem-sentido","status":"publish","type":"post","link":"http:\/\/portalcatolico.net\/portal\/a-vida-tem-sentido\/","title":{"rendered":"A VIDA TEM SENTIDO"},"content":{"rendered":"<p><em>Depois de 35 anos de intensa atividade, onde acumulara mais que o suficiente para o resto da vida, aos 64 anos optara pela aposentadoria. Foi viver numa pequena cidade e &#8211; como \u00e9 natural &#8211; fazia um balan\u00e7o de sua vida. Diariamente saia a caminhar. Isto fazia bem ao seu corpo e \u00e0 sua alma.<\/em><\/p>\n<p><em><strong>NUMA<\/strong>\u00a0dessas caminhadas, no meio da tarde, viu alguns agricultores em intensa atividade. Perguntou a eles o que estavam fazendo: colhendo batatas para comer, foi a resposta curta e mal humorada. Mais adiante, havia \u00a0um lago e ele fez a mesma pergunta aos pescadores. Apanhamos peixes e os vendemos para viver. Foi a resposta. Um grupo de crian\u00e7as estava num jardim. A elas foi dirigida a mesma pergunta. Colhemos flores, explicaram e esta noite iremos \u00e0 igreja com nossos pais e colocaremos estas flores junto \u00e0 imagem de Maria, nossa m\u00e3e do c\u00e9u.<\/em><\/p>\n<p><em><strong>TR\u00caS GRUPOS<\/strong>,\u00a0tr\u00eas vis\u00f5es de vida. O primeiro grupo, sem horizontes, ocupava-se em plantar e comer batatas. Os pescadores tinham uma vis\u00e3o mais abrangente: iriam vender os peixes e assim criar melhores condi\u00e7\u00f5es de vida. J\u00e1 as crian\u00e7as festejavam a gratuidade e apontava um horizonte mais amplo, elas haviam descoberto um sentido para a vida.<\/em><\/p>\n<p><em><strong>PODEMOS<\/strong>\u00a0descobrir vis\u00e3o parecida no reino animal. Num primeiro est\u00e1gio uma lagarta insaci\u00e1vel nada mais faz do que comer. Mais adiante tece um casulo onde permanece por longos 42 dias, preparando-se para a vida plena, simbolizada pela borboleta. A lagarta \u00e9 dirigida por um instinto que \u00a0a leva a conseguir seu objetivo. J\u00e1 o homem precisa, ele mesmo, quase sempre com perdas e sofrimentos, descobrir um sentido para a vida.<\/em><\/p>\n<p><em><strong>SEM ESTA\u00a0<\/strong>descoberta, a pessoa encaminha-se para o absurdo. O fil\u00f3sofo franc\u00eas Jean Paul Sartre imaginava-se um passageiro, sem bilhete e sem saber o destino do trem. Isto \u00e9 compar\u00e1vel a um ator jogado no palco sem saber qual o seu papel e qual o drama &#8211; ou a com\u00e9dia &#8211; que est\u00e1 sendo representada.<\/em><\/p>\n<p><em><strong>A PESSOA<\/strong>\u00a0\u00e9 demasiadamente grande para bastar-se a si mesma. S\u00f3 Deus pode revelar-lhe sua grandeza. \u00c9 a f\u00e9 que revela sentido \u00e0 vida, nos piores e melhores momentos. Desde o nascer at\u00e9 \u00e0 morte. A vida merece um sentido. N\u00f3s sabemos exatamente qual o nosso papel. Entre l\u00e1grimas e risos, sombras e luzes, caminhamos para a casa do Pai.<\/em><\/p>\n<p><em>Autor:Dom Itamar Vian<\/em><\/p>\n<p><em>Arcebispo Em\u00e9rito da Arquidiocese de Feira de Santana (BA)<\/em><\/p>\n<p><em>Fonte: fecatolica<\/em><\/p>\n","protected":false},"excerpt":{"rendered":"<p>Depois de 35 anos de intensa atividade, onde acumulara mais que o suficiente para o resto da vida, aos 64 anos optara pela aposentadoria. Foi viver numa pequena cidade e &#8211; como \u00e9 natural &#8211; fazia um balan\u00e7o de sua vida. Diariamente saia a caminhar. Isto fazia bem ao seu corpo e \u00e0 sua alma.&nbsp;<\/p>\n<p><a class=\"btn btn-style\" href=\"http:\/\/portalcatolico.net\/portal\/a-vida-tem-sentido\/\">Continue Reading<\/a><\/p>\n","protected":false},"author":2,"featured_media":50546,"comment_status":"open","ping_status":"open","sticky":false,"template":"","format":"standard","meta":{"footnotes":""},"categories":[69],"tags":[],"class_list":["post-50545","post","type-post","status-publish","format-standard","has-post-thumbnail","hentry","category-artigos"],"_links":{"self":[{"href":"http:\/\/portalcatolico.net\/portal\/wp-json\/wp\/v2\/posts\/50545","targetHints":{"allow":["GET"]}}],"collection":[{"href":"http:\/\/portalcatolico.net\/portal\/wp-json\/wp\/v2\/posts"}],"about":[{"href":"http:\/\/portalcatolico.net\/portal\/wp-json\/wp\/v2\/types\/post"}],"author":[{"embeddable":true,"href":"http:\/\/portalcatolico.net\/portal\/wp-json\/wp\/v2\/users\/2"}],"replies":[{"embeddable":true,"href":"http:\/\/portalcatolico.net\/portal\/wp-json\/wp\/v2\/comments?post=50545"}],"version-history":[{"count":1,"href":"http:\/\/portalcatolico.net\/portal\/wp-json\/wp\/v2\/posts\/50545\/revisions"}],"predecessor-version":[{"id":50547,"href":"http:\/\/portalcatolico.net\/portal\/wp-json\/wp\/v2\/posts\/50545\/revisions\/50547"}],"wp:featuredmedia":[{"embeddable":true,"href":"http:\/\/portalcatolico.net\/portal\/wp-json\/wp\/v2\/media\/50546"}],"wp:attachment":[{"href":"http:\/\/portalcatolico.net\/portal\/wp-json\/wp\/v2\/media?parent=50545"}],"wp:term":[{"taxonomy":"category","embeddable":true,"href":"http:\/\/portalcatolico.net\/portal\/wp-json\/wp\/v2\/categories?post=50545"},{"taxonomy":"post_tag","embeddable":true,"href":"http:\/\/portalcatolico.net\/portal\/wp-json\/wp\/v2\/tags?post=50545"}],"curies":[{"name":"wp","href":"https:\/\/api.w.org\/{rel}","templated":true}]}}