{"id":50539,"date":"2018-02-11T21:22:48","date_gmt":"2018-02-12T00:22:48","guid":{"rendered":"http:\/\/portalcatolico.net\/portal\/?p=50539"},"modified":"2018-02-11T21:34:14","modified_gmt":"2018-02-12T00:34:14","slug":"triduo-e-festa-de-nossa-senhora-de-lourdes-aconteceu-em-itabuna-ba","status":"publish","type":"post","link":"http:\/\/portalcatolico.net\/portal\/triduo-e-festa-de-nossa-senhora-de-lourdes-aconteceu-em-itabuna-ba\/","title":{"rendered":"Tr\u00edduo e Festa de Nossa Senhora de Lourdes aconteceu em Itabuna (BA)"},"content":{"rendered":"<p><em>A Comunidade de Nossa Senhora de Lourdes pertencente \u00e0 par\u00f3quia Santa Rita de C\u00e1ssia, celebrou a Festa da \u00a0Padroeira do bairro Fonseca, em Itabuna (Ba). As homenagens a padroeira foram realizados entre os dias 08 a 11 de fevereiro. O tema para este ano\u00a0 foi:\u201c Com Jesus e Maria superamos a viol\u00eancia\u201d. O\u00a0Tr\u00edduo, Novena ou Trezen\u00e1rio \u00e9 uma experi\u00eancia de ora\u00e7\u00e3o com Deus durante as noites. As ora\u00e7\u00f5es s\u00e3o um meio de louvar e agradecer ao nosso Deus. O Tr\u00edduo da Padroeira encerrou \u00a0com a Solenidade de Nossa Senhora de Lourdes neste \u00a0dia 11 de fevereiro de 2018. Neste dia, as comemora\u00e7\u00f5es \u00a0come\u00e7ou \u00e0s 5h com a Alvorada e finalizou, \u00e0s 18h30 com a tradicional prociss\u00e3o \u00a0luminosa e caminha de f\u00e9\u00a0pelas principais ruas do bairro com a imagem da santa, que \u00e9 padroeiro do bairro Fonseca e, em seguida \u00a0missa solene. <\/em><\/p>\n<p><em>A santa missa \u00a0foi presidida pelo Bispo Diocesano da Diocese de Itabuna, Dom Carlos Alberto dos Santos, e com a concelebra\u00e7\u00e3o do padre o Frei Jos\u00e9 Genilton (p\u00e1roco da igreja matriz). <\/em><\/p>\n<p>\u00c1lbuns de fotos:\u00a0<span style=\"color: #ff0000;\"><a href=\"http:\/\/portalcatolico.net\/portal\/index.php\/triduo-e-festa-de-nossa-senhora-de-lourdes-em-itabuna-ba\/\">Clique aqui<\/a>\u00a0<\/span><\/p>\n<p>Ou\u00e7a a homilia de Dom Carlos Alberto dos Santos, Bispo da Diocese de Itabuna.<\/p>\n<audio class=\"wp-audio-shortcode\" id=\"audio-50539-1\" preload=\"none\" style=\"width: 100%;\" controls=\"controls\"><source type=\"audio\/mpeg\" src=\"http:\/\/portalcatolico.net\/portal\/wp-content\/uploads\/2018\/02\/Dom-Carlos-Festa-de-Lourdes.mp3?_=1\" \/><a href=\"http:\/\/portalcatolico.net\/portal\/wp-content\/uploads\/2018\/02\/Dom-Carlos-Festa-de-Lourdes.mp3\">http:\/\/portalcatolico.net\/portal\/wp-content\/uploads\/2018\/02\/Dom-Carlos-Festa-de-Lourdes.mp3<\/a><\/audio>\n","protected":false},"excerpt":{"rendered":"<p>A Comunidade de Nossa Senhora de Lourdes pertencente \u00e0 par\u00f3quia Santa Rita de C\u00e1ssia, celebrou a Festa da \u00a0Padroeira do bairro Fonseca, em Itabuna (Ba). As homenagens a padroeira foram realizados entre os dias 08 a 11 de fevereiro. O tema para este ano\u00a0 foi:\u201c Com Jesus e Maria superamos a viol\u00eancia\u201d. O\u00a0Tr\u00edduo, Novena ou&nbsp;<\/p>\n<p><a class=\"btn btn-style\" href=\"http:\/\/portalcatolico.net\/portal\/triduo-e-festa-de-nossa-senhora-de-lourdes-aconteceu-em-itabuna-ba\/\">Continue Reading<\/a><\/p>\n","protected":false},"author":2,"featured_media":50540,"comment_status":"open","ping_status":"open","sticky":false,"template":"","format":"standard","meta":{"footnotes":""},"categories":[68],"tags":[],"class_list":["post-50539","post","type-post","status-publish","format-standard","has-post-thumbnail","hentry","category-homilias"],"_links":{"self":[{"href":"http:\/\/portalcatolico.net\/portal\/wp-json\/wp\/v2\/posts\/50539","targetHints":{"allow":["GET"]}}],"collection":[{"href":"http:\/\/portalcatolico.net\/portal\/wp-json\/wp\/v2\/posts"}],"about":[{"href":"http:\/\/portalcatolico.net\/portal\/wp-json\/wp\/v2\/types\/post"}],"author":[{"embeddable":true,"href":"http:\/\/portalcatolico.net\/portal\/wp-json\/wp\/v2\/users\/2"}],"replies":[{"embeddable":true,"href":"http:\/\/portalcatolico.net\/portal\/wp-json\/wp\/v2\/comments?post=50539"}],"version-history":[{"count":3,"href":"http:\/\/portalcatolico.net\/portal\/wp-json\/wp\/v2\/posts\/50539\/revisions"}],"predecessor-version":[{"id":50544,"href":"http:\/\/portalcatolico.net\/portal\/wp-json\/wp\/v2\/posts\/50539\/revisions\/50544"}],"wp:featuredmedia":[{"embeddable":true,"href":"http:\/\/portalcatolico.net\/portal\/wp-json\/wp\/v2\/media\/50540"}],"wp:attachment":[{"href":"http:\/\/portalcatolico.net\/portal\/wp-json\/wp\/v2\/media?parent=50539"}],"wp:term":[{"taxonomy":"category","embeddable":true,"href":"http:\/\/portalcatolico.net\/portal\/wp-json\/wp\/v2\/categories?post=50539"},{"taxonomy":"post_tag","embeddable":true,"href":"http:\/\/portalcatolico.net\/portal\/wp-json\/wp\/v2\/tags?post=50539"}],"curies":[{"name":"wp","href":"https:\/\/api.w.org\/{rel}","templated":true}]}}