{"id":50354,"date":"2018-02-11T13:18:37","date_gmt":"2018-02-11T16:18:37","guid":{"rendered":"http:\/\/portalcatolico.net\/portal\/?p=50354"},"modified":"2018-02-11T13:19:43","modified_gmt":"2018-02-11T16:19:43","slug":"rebanhao-de-carnaval-atrai-milhares-fieis","status":"publish","type":"post","link":"http:\/\/portalcatolico.net\/portal\/rebanhao-de-carnaval-atrai-milhares-fieis\/","title":{"rendered":"Rebanh\u00e3o de Carnaval atrai milhares fi\u00e9is"},"content":{"rendered":"<p>Est\u00e1 acontecendo entre os dias 10 \u00e0 13 de fevereiro a 26\u00aa edi\u00e7\u00e3o do Rebanh\u00e3o da Renova\u00e7\u00e3o Carism\u00e1tica da Igreja Cat\u00f3lica na Diocese Teixeira de Freitas Caravelas. O evento ocorre em sete cidades ao mesmo tempo: Teixeira, Medeiros Neto, Posto da Mata, Itupeva, Itamaraju, Itabat\u00e3 e Ibirapu\u00e3.<\/p>\n<p>Em Teixeira de Freitas, o evento est\u00e1 acontecendo na Igreja S\u00e3o Francisco de Assis e iniciou no s\u00e1bado, \u00e0s 16 horas com a acolhida. \u00c0s 17 horas houve a celebra\u00e7\u00e3o da Santa Missa, com o Padre Paulo C\u00e9sar da Par\u00f3quia Santa Rita. \u00c0 noite, a partir das 20 horas, houve show da banda Sant\u00edssima Trindade, que veio de Eun\u00e1polis, e o minist\u00e9rio de m\u00fasica Raio de Luz.<\/p>\n<p><a href=\"https:\/\/dioceseteixeiradefreitas.com.br\/wp-content\/uploads\/2018\/02\/1518363950647742924890.png\"><img loading=\"lazy\" decoding=\"async\" class=\"aligncenter size-large wp-image-4177 tie-appear\" src=\"https:\/\/dioceseteixeiradefreitas.com.br\/wp-content\/uploads\/2018\/02\/1518363950647742924890-1024x768.png\" sizes=\"auto, (max-width: 618px) 100vw, 618px\" srcset=\"https:\/\/dioceseteixeiradefreitas.com.br\/wp-content\/uploads\/2018\/02\/1518363950647742924890.png 1024w, https:\/\/dioceseteixeiradefreitas.com.br\/wp-content\/uploads\/2018\/02\/1518363950647742924890-300x225.png 300w, https:\/\/dioceseteixeiradefreitas.com.br\/wp-content\/uploads\/2018\/02\/1518363950647742924890-768x576.png 768w, https:\/\/dioceseteixeiradefreitas.com.br\/wp-content\/uploads\/2018\/02\/1518363950647742924890-600x450.png 600w\" alt=\"\" width=\"618\" height=\"464\" \/><\/a><\/p>\n<p>Neste domingo, 11 de fevereiro, houve a Santa Missa celebrada pelo padre J\u00fanior de Jesus e, logo ap\u00f3s, iniciou a prega\u00e7\u00e3o de Frederico Mastroangelo, presidente do conselho estadual da RCC \u2013 BA. \u00c0 noite, o show \u00e9 por conta da Banda Renova\u00e7\u00e3o, a partir das 20 horas, e o passaporte de entrada no show custa apenas oito reais.<\/p>\n<p><a href=\"https:\/\/dioceseteixeiradefreitas.com.br\/wp-content\/uploads\/2018\/02\/IMG_20180211_120829.jpg\"><img loading=\"lazy\" decoding=\"async\" class=\"aligncenter size-large wp-image-4172 tie-appear\" src=\"https:\/\/dioceseteixeiradefreitas.com.br\/wp-content\/uploads\/2018\/02\/IMG_20180211_120829-1024x576.jpg\" sizes=\"auto, (max-width: 618px) 100vw, 618px\" srcset=\"https:\/\/dioceseteixeiradefreitas.com.br\/wp-content\/uploads\/2018\/02\/IMG_20180211_120829-1024x576.jpg 1024w, https:\/\/dioceseteixeiradefreitas.com.br\/wp-content\/uploads\/2018\/02\/IMG_20180211_120829-300x169.jpg 300w, https:\/\/dioceseteixeiradefreitas.com.br\/wp-content\/uploads\/2018\/02\/IMG_20180211_120829-768x432.jpg 768w, https:\/\/dioceseteixeiradefreitas.com.br\/wp-content\/uploads\/2018\/02\/IMG_20180211_120829-600x338.jpg 600w\" alt=\"\" width=\"618\" height=\"348\" \/><\/a><\/p>\n<p>Claudio Afonson Tota, coordenador de setor da RCC Teixeira de Freitas, lembrou que desde 1993 a Igreja realiza o Rebanh\u00e3o. Inicialmente, o evento ocorria em s\u00edtios, mas depois veio para dentro da Igreja S\u00e3o Francisco. Ele ainda destacou que n\u00e3o \u00e9 apenas um evento da RCC, pois precisa da participa\u00e7\u00e3o de toda a Igreja para a realiza\u00e7\u00e3o desse retiro espiritual de Carnaval. Todos os grupos da igreja se envolveram nesse evento, esse ano, teve a participa\u00e7\u00e3o do Ter\u00e7o dos Homens, Legi\u00e3o de Maria, Ministros da Eucaristia, Liturgia Proclamada, sacerdotes, Pascom e outras pastorais, al\u00e9m dos grupos pertencentes a RCC.<\/p>\n<p>Claudio ainda disse que \u00e9 poss\u00edvel, a todos que escolhem participar do Rebanh\u00e3o, viver uma experi\u00eancia sobrenatural com Deus, inclusive, o pr\u00f3prio testemunho dele passa por um retiro de Carnaval: \u201cEu troquei o Carnaval pela alegria de Deus, Carnaval para mim se tornou um tempo de buscar a Deus\u201d, falou. \u201cAprendi em um retiro de Carnaval a buscar a Deus, a ser Cat\u00f3lico e a aprender a Palavra\u201d, finalizou.<br \/>\nAs noites jovens est\u00e3o sob responsabilidade do Minist\u00e9rio Jovem.<\/p>\n<p>Claudemir dos Anjos Santos, representante do MJ do Setor 1, destacou que o minist\u00e9rio ainda contribui no ofert\u00f3rio, limpeza e outros servi\u00e7os dentro do encontro. A \u00faltima noite jovem ser\u00e1 na segunda-feira, com a Fraternidade o Caminho. \u201cConseguimos articular melhor a juventude, e n\u00e3o vem apenas a juventude da igreja, mas aquelas que querem conhecer, interagir conosco, sabendo que aqui est\u00e3o pessoas que buscam a santidade e a Palavra\u201d, disse.<\/p>\n<p>Helber Clayton, presidente diocesano da RCC, destacou que o Rebanh\u00e3o faz parte da cultura de nossa regi\u00e3o, sendo que, essa tradi\u00e7\u00e3o, em Itupeva, por exemplo, est\u00e1 em sua 31\u00aa edi\u00e7\u00e3o e tem mudado a vida de milhares de pessoas que conseguiram se encontrar com Jesus a partir de um Retiro de Carnaval.<\/p>\n<p><a href=\"https:\/\/dioceseteixeiradefreitas.com.br\/wp-content\/uploads\/2018\/02\/IMG-20180211-WA0005.jpg\"><img loading=\"lazy\" decoding=\"async\" class=\"aligncenter size-large wp-image-4175 tie-appear\" src=\"https:\/\/dioceseteixeiradefreitas.com.br\/wp-content\/uploads\/2018\/02\/IMG-20180211-WA0005-1024x682.jpg\" sizes=\"auto, (max-width: 618px) 100vw, 618px\" srcset=\"https:\/\/dioceseteixeiradefreitas.com.br\/wp-content\/uploads\/2018\/02\/IMG-20180211-WA0005-1024x682.jpg 1024w, https:\/\/dioceseteixeiradefreitas.com.br\/wp-content\/uploads\/2018\/02\/IMG-20180211-WA0005-300x200.jpg 300w, https:\/\/dioceseteixeiradefreitas.com.br\/wp-content\/uploads\/2018\/02\/IMG-20180211-WA0005-768x512.jpg 768w, https:\/\/dioceseteixeiradefreitas.com.br\/wp-content\/uploads\/2018\/02\/IMG-20180211-WA0005-600x400.jpg 600w, https:\/\/dioceseteixeiradefreitas.com.br\/wp-content\/uploads\/2018\/02\/IMG-20180211-WA0005.jpg 1280w\" alt=\"\" width=\"618\" height=\"412\" \/><\/a><\/p>\n<p>Frederico Mastroangelo ficou durante a manh\u00e3 de domingo pregando para os participantes do Rebanh\u00e3o. Ele destacou que h\u00e1 o Rebanh\u00e3o nas 23 Dioceses existentes na Bahia e refor\u00e7ou o convite para que aqueles que ainda n\u00e3o vieram, venham fazer essa experi\u00eancia com Deus. \u201cDesejo a todos que fazem parte dessa Diocese que continuem experimentando do amor de Deus e propagando a gra\u00e7a do batismo do Esp\u00edrito Santo e, assim, proclamando o Senhor Jesus\u201d, finalizou. Helber e Frederico ainda viajar\u00e3o para outros Rebanh\u00f5es da Diocese.<\/p>\n<p>Informa\u00e7\u00f5es:Diocese de Teixeira de Freitas\/Caravelas (BA)<\/p>\n","protected":false},"excerpt":{"rendered":"<p>Est\u00e1 acontecendo entre os dias 10 \u00e0 13 de fevereiro a 26\u00aa edi\u00e7\u00e3o do Rebanh\u00e3o da Renova\u00e7\u00e3o Carism\u00e1tica da Igreja Cat\u00f3lica na Diocese Teixeira de Freitas Caravelas. O evento ocorre em sete cidades ao mesmo tempo: Teixeira, Medeiros Neto, Posto da Mata, Itupeva, Itamaraju, Itabat\u00e3 e Ibirapu\u00e3. Em Teixeira de Freitas, o evento est\u00e1 acontecendo&nbsp;<\/p>\n<p><a class=\"btn btn-style\" href=\"http:\/\/portalcatolico.net\/portal\/rebanhao-de-carnaval-atrai-milhares-fieis\/\">Continue Reading<\/a><\/p>\n","protected":false},"author":2,"featured_media":50355,"comment_status":"open","ping_status":"open","sticky":false,"template":"","format":"standard","meta":{"footnotes":""},"categories":[2],"tags":[],"class_list":["post-50354","post","type-post","status-publish","format-standard","has-post-thumbnail","hentry","category-eventos"],"_links":{"self":[{"href":"http:\/\/portalcatolico.net\/portal\/wp-json\/wp\/v2\/posts\/50354","targetHints":{"allow":["GET"]}}],"collection":[{"href":"http:\/\/portalcatolico.net\/portal\/wp-json\/wp\/v2\/posts"}],"about":[{"href":"http:\/\/portalcatolico.net\/portal\/wp-json\/wp\/v2\/types\/post"}],"author":[{"embeddable":true,"href":"http:\/\/portalcatolico.net\/portal\/wp-json\/wp\/v2\/users\/2"}],"replies":[{"embeddable":true,"href":"http:\/\/portalcatolico.net\/portal\/wp-json\/wp\/v2\/comments?post=50354"}],"version-history":[{"count":1,"href":"http:\/\/portalcatolico.net\/portal\/wp-json\/wp\/v2\/posts\/50354\/revisions"}],"predecessor-version":[{"id":50356,"href":"http:\/\/portalcatolico.net\/portal\/wp-json\/wp\/v2\/posts\/50354\/revisions\/50356"}],"wp:featuredmedia":[{"embeddable":true,"href":"http:\/\/portalcatolico.net\/portal\/wp-json\/wp\/v2\/media\/50355"}],"wp:attachment":[{"href":"http:\/\/portalcatolico.net\/portal\/wp-json\/wp\/v2\/media?parent=50354"}],"wp:term":[{"taxonomy":"category","embeddable":true,"href":"http:\/\/portalcatolico.net\/portal\/wp-json\/wp\/v2\/categories?post=50354"},{"taxonomy":"post_tag","embeddable":true,"href":"http:\/\/portalcatolico.net\/portal\/wp-json\/wp\/v2\/tags?post=50354"}],"curies":[{"name":"wp","href":"https:\/\/api.w.org\/{rel}","templated":true}]}}