{"id":50348,"date":"2018-02-11T11:20:36","date_gmt":"2018-02-11T14:20:36","guid":{"rendered":"http:\/\/portalcatolico.net\/portal\/?p=50348"},"modified":"2018-02-11T11:20:36","modified_gmt":"2018-02-11T14:20:36","slug":"papa-no-angelus-nenhuma-doenca-e-causa-de-impureza","status":"publish","type":"post","link":"http:\/\/portalcatolico.net\/portal\/papa-no-angelus-nenhuma-doenca-e-causa-de-impureza\/","title":{"rendered":"Papa no Angelus: \u201cNenhuma doen\u00e7a \u00e9 causa de impureza&#8221;"},"content":{"rendered":"<div class=\"article__subTitle\">Francisco recordou que neste domingo celebra-se o Dia Mundial dos Enfermos, mem\u00f3ria de Nossa Senhora de Lourdes.<\/div>\n<div class=\"article__text\">\n<p>\u201cNestes domingos, o Evangelho, segundo a narra\u00e7\u00e3o de Marcos, nos apresenta Jesus que cura os doentes de todos os tipos. Neste contexto, se insere bem o Dia Mundial dos Enfermos que se celebra precisamente hoje, 11 de fevereiro, mem\u00f3ria de Nossa Senhora de Lourdes. Portanto, com o olhar do cora\u00e7\u00e3o dirigido \u00e0 gruta de Massabielle, contemplamos Jesus como o verdadeiro m\u00e9dico dos corpos e das almas, que Deus Pai enviou ao mundo para curar a humanidade, marcada pelo pecado e suas consequ\u00eancias\u201d. Com essas palavras o Papa Francisco iniciou a sua alocu\u00e7\u00e3o que precedeu a ora\u00e7\u00e3o mariana do Angelus com os fi\u00e9is reunidos na Pra\u00e7a S\u00e3o Pedro, no Vaticano.<\/p>\n<p>O estigma social jamais deve nos afastar daqueles que sofrem. \u201cNenhuma doen\u00e7a \u00e9 causa de impureza: a doen\u00e7a certamente envolve toda a pessoa, mas de modo algum afeta ou impede seu relacionamento com Deus. Pelo contr\u00e1rio, uma pessoa doente pode estar ainda mais unida a Deus\u201d, disse o Papa Francisco.<\/p>\n<p>\u201cO pecado, esse sim nos torna impuros!\u201d, disse o Pont\u00edfice enfatizando que \u201co ego\u00edsmo, o orgulho, o entrar no mundo da corrup\u00e7\u00e3o, essas s\u00e3o doen\u00e7as do cora\u00e7\u00e3o das quais \u00e9 preciso sermos purificados, dirigindo-se a Jesus como o leproso: \u2018Se queres, tens o poder de purificar-me&#8217;. \u201cAo ouvir isso &#8211; recordou o Papa \u2013 Jesus sente compaix\u00e3o, muito importante para fixar a aten\u00e7\u00e3o sobre essa resson\u00e2ncia interna de Jesus, como fizemos longamente durante o Jubileu da Miseric\u00f3rdia. N\u00e3o se entende a obra de Cristo, n\u00e3o se entende o pr\u00f3prio Cristo, se n\u00e3o entrarmos no seu cora\u00e7\u00e3o cheio de compaix\u00e3o. \u00c9 isso que o leva a estender a m\u00e3o ao homem que sofre de lepra, toc\u00e1-lo e dizer-lhe: \u201cEu quero, fica purificado\u201d.<\/p>\n<p>\u201cNo Antigo Testamento \u2013 recordou Francisco &#8211; era considerado uma grave impureza e comportava a separa\u00e7\u00e3o do leproso da comunidade. A sua condi\u00e7\u00e3o era realmente dolorosa, porque a mentalidade do tempo o fazia sentir impuro diante de Deus e dos homens\u201d.<\/p>\n<p>Segundo o Papa, \u201co fato mais perturbador \u00e9 que Jesus toca o leproso, porque isso era absolutamente proibido pela lei mosaica. Tocar um leproso significava ser tamb\u00e9m contagiado tamb\u00e9m dentro, no esp\u00edrito, isto \u00e9, tornar-se impuros. Mas, neste caso, o influxo n\u00e3o vai do leproso a Jesus para transmitir o cont\u00e1gio, mas de Jesus ao leproso para dar-lhe a purifica\u00e7\u00e3o. Nesta cura, admiramos, al\u00e9m da compaix\u00e3o, tamb\u00e9m a aud\u00e1cia de Jesus, que n\u00e3o se preocupa nem com o cont\u00e1gio, nem com as prescri\u00e7\u00f5es, mas \u00e9 movido somente pela vontade de libertar aquele homem da maldi\u00e7\u00e3o que o oprime\u201d.<\/p>\n<p>Ent\u00e3o o Papa pediu aos fi\u00e9is presentes na Pra\u00e7a S\u00e3o Pedro para fazerem um exame de consci\u00eancia e depois repetir com ele as palavras do leproso: \u2018Se queres, tens o poder de purificar-me&#8217;. \u201cToda vez que nos aproximamos do sacramento da Reconcilia\u00e7\u00e3o com o cora\u00e7\u00e3o arrependido, o Senhor \u2013 explicou Francisco &#8211; repete tamb\u00e9m a n\u00f3s: \u201cEu quero, fica purificado!\u201d. Assim a lepra do pecado desaparece, voltamos a viver com alegria o nosso relacionamento filial com Deus e somos readmitidos plenamente na comunidade\u201d.<\/p>\n<p>Francisco concluiu invocando a intercess\u00e3o da Virgem Maria, Nossa M\u00e3e Imaculada: \u201cpe\u00e7amos ao Senhor, quem trouxe aos enfermos a sa\u00fade doente, que cure tamb\u00e9m as nossas feridas internas com a sua infinita miseric\u00f3rdia, para assim nos dar novamente a esperan\u00e7a e a paz do cora\u00e7\u00e3o\u201d.(Vaticannews)<\/p>\n<\/div>\n","protected":false},"excerpt":{"rendered":"<p>Francisco recordou que neste domingo celebra-se o Dia Mundial dos Enfermos, mem\u00f3ria de Nossa Senhora de Lourdes. \u201cNestes domingos, o Evangelho, segundo a narra\u00e7\u00e3o de Marcos, nos apresenta Jesus que cura os doentes de todos os tipos. Neste contexto, se insere bem o Dia Mundial dos Enfermos que se celebra precisamente hoje, 11 de fevereiro,&nbsp;<\/p>\n<p><a class=\"btn btn-style\" href=\"http:\/\/portalcatolico.net\/portal\/papa-no-angelus-nenhuma-doenca-e-causa-de-impureza\/\">Continue Reading<\/a><\/p>\n","protected":false},"author":2,"featured_media":50349,"comment_status":"open","ping_status":"open","sticky":false,"template":"","format":"standard","meta":{"footnotes":""},"categories":[5],"tags":[],"class_list":["post-50348","post","type-post","status-publish","format-standard","has-post-thumbnail","hentry","category-igreja_no_mundo"],"_links":{"self":[{"href":"http:\/\/portalcatolico.net\/portal\/wp-json\/wp\/v2\/posts\/50348","targetHints":{"allow":["GET"]}}],"collection":[{"href":"http:\/\/portalcatolico.net\/portal\/wp-json\/wp\/v2\/posts"}],"about":[{"href":"http:\/\/portalcatolico.net\/portal\/wp-json\/wp\/v2\/types\/post"}],"author":[{"embeddable":true,"href":"http:\/\/portalcatolico.net\/portal\/wp-json\/wp\/v2\/users\/2"}],"replies":[{"embeddable":true,"href":"http:\/\/portalcatolico.net\/portal\/wp-json\/wp\/v2\/comments?post=50348"}],"version-history":[{"count":1,"href":"http:\/\/portalcatolico.net\/portal\/wp-json\/wp\/v2\/posts\/50348\/revisions"}],"predecessor-version":[{"id":50350,"href":"http:\/\/portalcatolico.net\/portal\/wp-json\/wp\/v2\/posts\/50348\/revisions\/50350"}],"wp:featuredmedia":[{"embeddable":true,"href":"http:\/\/portalcatolico.net\/portal\/wp-json\/wp\/v2\/media\/50349"}],"wp:attachment":[{"href":"http:\/\/portalcatolico.net\/portal\/wp-json\/wp\/v2\/media?parent=50348"}],"wp:term":[{"taxonomy":"category","embeddable":true,"href":"http:\/\/portalcatolico.net\/portal\/wp-json\/wp\/v2\/categories?post=50348"},{"taxonomy":"post_tag","embeddable":true,"href":"http:\/\/portalcatolico.net\/portal\/wp-json\/wp\/v2\/tags?post=50348"}],"curies":[{"name":"wp","href":"https:\/\/api.w.org\/{rel}","templated":true}]}}